{"id":10947,"date":"2023-04-25T10:00:34","date_gmt":"2023-04-25T10:00:34","guid":{"rendered":"https:\/\/dekkbi.com\/?p=10947"},"modified":"2023-04-25T11:32:54","modified_gmt":"2023-04-25T11:32:54","slug":"jeunesse-social-le-role-des-scouts-dans-lencadrement-des-jeunes-mis-en-exergue","status":"publish","type":"post","link":"https:\/\/dekkbi.com\/?p=10947","title":{"rendered":"Le r\u00f4le des scouts dans l\u2019encadrement des jeunes"},"content":{"rendered":"\n<p><strong>Dakar, 25 avr (APS) \u2013 Le Secr\u00e9taire g\u00e9n\u00e9ral du minist\u00e8re de la Jeunesse, de l\u2019Entreprenariat et de l\u2019Emploi, Mor Khoudia Gueye, a salu\u00e9 le r\u00f4le de l\u2019amicale des scouts et guides adultes du S\u00e9n\u00e9gal (ASGAS) dans l\u2019encadrement et l\u2019accompagnement des jeunes.<\/strong><\/p>\n\n\n\n<p>\u2018\u2019Nous sommes convaincus que l\u2019ASGAS de par ses exp\u00e9riences peut aider la jeunesse \u00e0 jouer le r\u00f4le qui lui revient sur la question climatique et environnementale, mais aussi \u00e0 mieux participer \u00e0 la pr\u00e9vention et \u00e0 la r\u00e9solution des conflits, qui, aujourd\u2019hui, ont fondamentalement chang\u00e9 de nature\u2019\u2019 a dit M. Gu\u00e8ye.<\/p>\n\n\n\n<p>Il pr\u00e9sidait, lundi, la quatri\u00e8me \u00e9dition de la conf\u00e9rence africaine de l\u2019amiti\u00e9 internationale des scouts et guides adultes ax\u00e9e sur \u2018\u2019l\u2019 ASIG (association mondiale d\u2019anciens scouts et guides) face aux d\u00e9fis de la paix et l\u2019environnement\u2019\u2019.<\/p>\n\n\n\n<p>\u2018\u2019Si nous voulons rendre meilleure notre Afrique m\u00e8re, nous devons nous fixer des objectifs tr\u00e8s ambitieux et agir ensemble sans perdre de temps mais aussi r\u00e9duire les in\u00e9galit\u00e9s et inspirer des actions de lutte contre les changements climatiques\u2019\u2019 a-t-il fait valoir.<\/p>\n\n\n\n<p>Parlant du th\u00e8me, il a estim\u00e9 que &nbsp;\u00bb\u2019c\u2019est un sujet qui exhorte \u00e0 agir, \u00e0 restaurer la plan\u00e8te et \u00e0 y instaurer une paix durable (\u2026)\u2019\u2019.<\/p>\n\n\n\n<p>L\u2019ASGAS, a soulign\u00e9,&nbsp; son pr\u00e9sident Jean Paul Thibault, &nbsp;\u00bbambitionne d\u2019aider et de servir le mouvement scout et guide \u00e0 travers des conseils mais aussi une assistance aux plus jeunes\u2019\u2019.<\/p>\n\n\n\n<p>\u2018\u2019L\u2019ASIG est une association mondiale d\u2019anciens scouts et guides qui du fait de leur promesse tenue en \u00e9tant jeune de&nbsp;<strong><em>+<\/em><\/strong>scout un jour, scout toujours+&nbsp;ont senti le d\u00e9sir de vivre cet id\u00e9al scout en se regroupant en amicale nationale dans diff\u00e9rents pays du monde dans le but de toujours servir le mouvement scout et guide de par ses conseils, ses suggestions, son aide et son assistance aux plus jeunes\u2019\u2019 a insist\u00e9 M. Thibault, membre titulaire depuis 1996.<\/p>\n\n\n\n<p>Il a rappel\u00e9 que &nbsp;\u00bbl\u2019AISG est repr\u00e9sent\u00e9e dans tous les continents et est constitu\u00e9e du comit\u00e9 mondial et des comit\u00e9s r\u00e9gionaux notamment le comit\u00e9 Europe, Asie-pacifique, arabe et celui de l\u2019Afrique\u2019\u2019.<\/p>\n\n\n\n<p>Saluant le choix du th\u00e8me, la marraine de la conf\u00e9rence, Marie Louise Correa a soutenu que \u2018\u2019le scoutisme est un mouvement mondial visant \u00e0 transmettre la paix mais aussi une locomotive, un laisser passer de la nature ajoutant que le scout est le pr\u00e9curseur de l\u2019\u00e9cologiste\u2019\u2019.<\/p>\n\n\n\n<p>L\u2019Angola, le B\u00e9nin, le Burundi et le Cap-vert (pas encore reconnu comme membre) participent \u00e0 cette conf\u00e9rence qui se tient jusqu\u2019\u00e0 dimanche. Les autres activit\u00e9s de cette conf\u00e9rence, ouverte ce lundi, \u00e0 la Place du Souvenir, se d\u00e9roulent au centre Spirituel Mont-Thabor des s\u0153urs de Rufisque.<\/p>\n\n\n\n<p>BSF\/SBS\/OID<\/p>\n","protected":false},"excerpt":{"rendered":"<p>Dakar, 25 avr (APS) \u2013 Le Secr\u00e9taire g\u00e9n\u00e9ral du minist\u00e8re de la Jeunesse, de l\u2019Entreprenariat et de l\u2019Emploi, Mor Khoudia<\/p>\n","protected":false},"author":1,"featured_media":10948,"comment_status":"open","ping_status":"open","sticky":false,"template":"","format":"standard","meta":{"footnotes":""},"categories":[21],"tags":[],"class_list":["post-10947","post","type-post","status-publish","format-standard","has-post-thumbnail","hentry","category-societe"],"_links":{"self":[{"href":"https:\/\/dekkbi.com\/index.php?rest_route=\/wp\/v2\/posts\/10947","targetHints":{"allow":["GET"]}}],"collection":[{"href":"https:\/\/dekkbi.com\/index.php?rest_route=\/wp\/v2\/posts"}],"about":[{"href":"https:\/\/dekkbi.com\/index.php?rest_route=\/wp\/v2\/types\/post"}],"author":[{"embeddable":true,"href":"https:\/\/dekkbi.com\/index.php?rest_route=\/wp\/v2\/users\/1"}],"replies":[{"embeddable":true,"href":"https:\/\/dekkbi.com\/index.php?rest_route=%2Fwp%2Fv2%2Fcomments&post=10947"}],"version-history":[{"count":3,"href":"https:\/\/dekkbi.com\/index.php?rest_route=\/wp\/v2\/posts\/10947\/revisions"}],"predecessor-version":[{"id":10986,"href":"https:\/\/dekkbi.com\/index.php?rest_route=\/wp\/v2\/posts\/10947\/revisions\/10986"}],"wp:featuredmedia":[{"embeddable":true,"href":"https:\/\/dekkbi.com\/index.php?rest_route=\/wp\/v2\/media\/10948"}],"wp:attachment":[{"href":"https:\/\/dekkbi.com\/index.php?rest_route=%2Fwp%2Fv2%2Fmedia&parent=10947"}],"wp:term":[{"taxonomy":"category","embeddable":true,"href":"https:\/\/dekkbi.com\/index.php?rest_route=%2Fwp%2Fv2%2Fcategories&post=10947"},{"taxonomy":"post_tag","embeddable":true,"href":"https:\/\/dekkbi.com\/index.php?rest_route=%2Fwp%2Fv2%2Ftags&post=10947"}],"curies":[{"name":"wp","href":"https:\/\/api.w.org\/{rel}","templated":true}]}}