{"id":10938,"date":"2023-04-25T09:32:51","date_gmt":"2023-04-25T09:32:51","guid":{"rendered":"https:\/\/dekkbi.com\/?p=10938"},"modified":"2023-04-25T09:32:53","modified_gmt":"2023-04-25T09:32:53","slug":"statut-de-chef-de-lopposition-sonko-dezingue-idrissa-seck","status":"publish","type":"post","link":"https:\/\/dekkbi.com\/?p=10938","title":{"rendered":"Statut de chef de l&rsquo;opposition : Sonko d\u00e9zingue Idrissa Seck !"},"content":{"rendered":"\n<p>GFM &#8211; (Dakar) Idrissa Seck, qui dit \u00eatre retourn\u00e9 dans l\u2019opposition, revendique le leadership de l\u2019opposition. En visite de courtoisie ce lundi \u00e0 Ziguinchor, Ousmane Sonko lui a port\u00e9 la r\u00e9plique.<\/p>\n\n\n\n<p>Ousmane Sonko s\u2019est exprim\u00e9, ce lundi, sur la nouvelle posture de Idrissa Seck qui a d\u00e9clar\u00e9 qu\u2019il est actuellement le chef de l\u2019opposition. Le leader de pastef qui \u00e9tait dans les rues de Ziguinchor, a r\u00e9pliqu\u00e9.<br><br>\u00abOn se dispute avec personne le statut de chef de l\u2019opposition. Ceux qui le veulent n\u2019ont qu\u2019\u00e0 le prendre. Mais les ivoiriens disent : \u2018\u2018tous les moutons se prom\u00e8nent dans les rues &nbsp;d\u2019Abidjan. Mais ils n\u2019ont pas le m\u00eame prix\u2019\u2019\u00bb, a-t-il d\u00e9clar\u00e9.<br><br>Pour lui, chacun peut revendiquer ce statut de chef de l\u2019opposition, mais sur le terrain \u00abchacun saura &nbsp;celui qui est le v\u00e9ritable chef\u00bb.<br><br>Selon Ousmane Sonko, la s\u00e9paration entre Macky Sall et Idrissa Seck est loin d\u2019\u00eatre sinc\u00e8re. Pour lui, ce n\u2019est qu\u2019une simple combine.<br><br>\u00abIls pensent que la pratique politicienne est toujours ce qu\u2019elle \u00e9tait dans les ann\u00e9es 90. Combines, deals protocoles, tout sur le dos du peuple. Cela est termin\u00e9 aujourd\u2019hui au S\u00e9n\u00e9gal. Les S\u00e9n\u00e9galais sont \u00e9veill\u00e9s maintenant\u00bb, mart\u00e8le-t-il.<br><br>Ousmane Sonko a expliqu\u00e9 aux populations de Zinguinchor dont il est le maire, les projets et programmes qu&rsquo;il compte y lancer pour changer le visage de la commune et am\u00e9liorer leur quotidien.<\/p>\n","protected":false},"excerpt":{"rendered":"<p>GFM &#8211; (Dakar) Idrissa Seck, qui dit \u00eatre retourn\u00e9 dans l\u2019opposition, revendique le leadership de l\u2019opposition. En visite de courtoisie<\/p>\n","protected":false},"author":1,"featured_media":10939,"comment_status":"open","ping_status":"open","sticky":false,"template":"","format":"standard","meta":{"footnotes":""},"categories":[6],"tags":[],"class_list":["post-10938","post","type-post","status-publish","format-standard","has-post-thumbnail","hentry","category-politics"],"_links":{"self":[{"href":"https:\/\/dekkbi.com\/index.php?rest_route=\/wp\/v2\/posts\/10938","targetHints":{"allow":["GET"]}}],"collection":[{"href":"https:\/\/dekkbi.com\/index.php?rest_route=\/wp\/v2\/posts"}],"about":[{"href":"https:\/\/dekkbi.com\/index.php?rest_route=\/wp\/v2\/types\/post"}],"author":[{"embeddable":true,"href":"https:\/\/dekkbi.com\/index.php?rest_route=\/wp\/v2\/users\/1"}],"replies":[{"embeddable":true,"href":"https:\/\/dekkbi.com\/index.php?rest_route=%2Fwp%2Fv2%2Fcomments&post=10938"}],"version-history":[{"count":1,"href":"https:\/\/dekkbi.com\/index.php?rest_route=\/wp\/v2\/posts\/10938\/revisions"}],"predecessor-version":[{"id":10940,"href":"https:\/\/dekkbi.com\/index.php?rest_route=\/wp\/v2\/posts\/10938\/revisions\/10940"}],"wp:featuredmedia":[{"embeddable":true,"href":"https:\/\/dekkbi.com\/index.php?rest_route=\/wp\/v2\/media\/10939"}],"wp:attachment":[{"href":"https:\/\/dekkbi.com\/index.php?rest_route=%2Fwp%2Fv2%2Fmedia&parent=10938"}],"wp:term":[{"taxonomy":"category","embeddable":true,"href":"https:\/\/dekkbi.com\/index.php?rest_route=%2Fwp%2Fv2%2Fcategories&post=10938"},{"taxonomy":"post_tag","embeddable":true,"href":"https:\/\/dekkbi.com\/index.php?rest_route=%2Fwp%2Fv2%2Ftags&post=10938"}],"curies":[{"name":"wp","href":"https:\/\/api.w.org\/{rel}","templated":true}]}}