{"id":10935,"date":"2023-04-25T09:29:31","date_gmt":"2023-04-25T09:29:31","guid":{"rendered":"https:\/\/dekkbi.com\/?p=10935"},"modified":"2023-04-25T14:10:22","modified_gmt":"2023-04-25T14:10:22","slug":"remaniement-abdoulaye-daouda-diallo-remplace-idy-amadou-ba-cumule","status":"publish","type":"post","link":"https:\/\/dekkbi.com\/?p=10935","title":{"rendered":"Remaniement : Abdoulaye Daouda Diallo remplace Idy, Amadou Ba cumule"},"content":{"rendered":"\n<p>iGFM (Dakar) Le ministre, directeur de cabinet du pr\u00e9sident de R\u00e9publique, Abdoulaye Daouda Diallo, a \u00e9t\u00e9 nomm\u00e9 pr\u00e9sident du Conseil \u00e9conomique, social et environnemental, a d\u00e9clar\u00e9 lundi la pr\u00e9sidence s\u00e9n\u00e9galaise.<\/p>\n\n\n\n<p>Selon l&rsquo;Agence de Presse S\u00e9n\u00e9galaise (APS), M. Diallo remplace Idrissa Seck, dont les deux camarades de parti, Yankhoba Diatara et Aly Saleh Diop, quittent le gouvernement, selon la m\u00eame source.<br><br>Le Premier ministre, Amadou Ba, assure d\u00e9sormais la direction des minist\u00e8res des Sports et de l\u2019Elevage, dont s\u2019occupaient MM. Diatara et Diop.<br><br>Abdoulaye Daouda Diallo, inspecteur des imp\u00f4ts et des domaines, a dirig\u00e9 plusieurs minist\u00e8res, dont ceux des Finances, du Budget, de l\u2019Int\u00e9rieur, des Infrastructures et du D\u00e9senclavement.<br><br>Le pr\u00e9sident de la R\u00e9publique, Macky Sall, et Idrissa Seck ont d\u00e9clar\u00e9 samedi avoir mis fin \u00e0 leur collaboration, apr\u00e8s que le second a fait une d\u00e9claration de candidature \u00e0 l\u2019\u00e9lection pr\u00e9sidentielle du 25 f\u00e9vrier 2024.<br><br>Des membres du CESE ont emp\u00each\u00e9 la tenue d\u2019une session de ladite institution, la semaine derni\u00e8re.<br><br>De cette mani\u00e8re, ils entendaient faire payer \u00e0 M. Seck le fait de d\u00e9clarer candidat sans tenir compte des avis des autres leaders de Benno Bokk Yaakaar, la coalition de la majorit\u00e9 pr\u00e9sidentielle.<br><br>Ils lui reprochaient \u00e9galement d\u2019avoir d\u00e9clar\u00e9 que Macky Sall n\u2019avait pas le droit d\u2019\u00eatre candidat en 2024.<br><br><img decoding=\"async\" src=\"https:\/\/www.igfm.sn\/data\/igfm\/2023\/04\/whatsapp-image-2023-04-24-at-16-06-34_8220.jpeg\" width=\"700\"><\/p>\n","protected":false},"excerpt":{"rendered":"<p>iGFM (Dakar) Le ministre, directeur de cabinet du pr\u00e9sident de R\u00e9publique, Abdoulaye Daouda Diallo, a \u00e9t\u00e9 nomm\u00e9 pr\u00e9sident du Conseil<\/p>\n","protected":false},"author":1,"featured_media":10987,"comment_status":"open","ping_status":"open","sticky":false,"template":"","format":"standard","meta":{"footnotes":""},"categories":[6],"tags":[],"class_list":["post-10935","post","type-post","status-publish","format-standard","has-post-thumbnail","hentry","category-politics"],"_links":{"self":[{"href":"https:\/\/dekkbi.com\/index.php?rest_route=\/wp\/v2\/posts\/10935","targetHints":{"allow":["GET"]}}],"collection":[{"href":"https:\/\/dekkbi.com\/index.php?rest_route=\/wp\/v2\/posts"}],"about":[{"href":"https:\/\/dekkbi.com\/index.php?rest_route=\/wp\/v2\/types\/post"}],"author":[{"embeddable":true,"href":"https:\/\/dekkbi.com\/index.php?rest_route=\/wp\/v2\/users\/1"}],"replies":[{"embeddable":true,"href":"https:\/\/dekkbi.com\/index.php?rest_route=%2Fwp%2Fv2%2Fcomments&post=10935"}],"version-history":[{"count":1,"href":"https:\/\/dekkbi.com\/index.php?rest_route=\/wp\/v2\/posts\/10935\/revisions"}],"predecessor-version":[{"id":10937,"href":"https:\/\/dekkbi.com\/index.php?rest_route=\/wp\/v2\/posts\/10935\/revisions\/10937"}],"wp:featuredmedia":[{"embeddable":true,"href":"https:\/\/dekkbi.com\/index.php?rest_route=\/wp\/v2\/media\/10987"}],"wp:attachment":[{"href":"https:\/\/dekkbi.com\/index.php?rest_route=%2Fwp%2Fv2%2Fmedia&parent=10935"}],"wp:term":[{"taxonomy":"category","embeddable":true,"href":"https:\/\/dekkbi.com\/index.php?rest_route=%2Fwp%2Fv2%2Fcategories&post=10935"},{"taxonomy":"post_tag","embeddable":true,"href":"https:\/\/dekkbi.com\/index.php?rest_route=%2Fwp%2Fv2%2Ftags&post=10935"}],"curies":[{"name":"wp","href":"https:\/\/api.w.org\/{rel}","templated":true}]}}