{"id":10932,"date":"2023-04-25T09:21:16","date_gmt":"2023-04-25T09:21:16","guid":{"rendered":"https:\/\/dekkbi.com\/?p=10932"},"modified":"2023-04-25T09:21:17","modified_gmt":"2023-04-25T09:21:17","slug":"affaire-adji-sarr-la-cour-supreme-deboute-sonko","status":"publish","type":"post","link":"https:\/\/dekkbi.com\/?p=10932","title":{"rendered":"Affaire Adji Sarr- La Cour Supr\u00eame d\u00e9boute Sonko"},"content":{"rendered":"\n<p><a href=\"javascript:updateFontSize(1)\"><\/a>iGFM &#8211; (Dakar) Ousmane Sonko fonce-t-il vers le proc\u00e8s dans l\u2019affaire Sweet Beauty ? Tout porte \u00e0 le croire avec le rejet de son pourvoi en cassation contre l\u2019ordonnance du Doyen des juges qui l\u2019envoie devant la chambre criminelle.<\/p>\n\n\n\n<p>En effet, renseigne Les \u00c9chos, la Cour supr\u00eame a d\u00e9bout\u00e9 le pr\u00e9sident de Pastef en jugeant irrecevable son recours. Le journal informe que le dossier va donc retourner au parquet, qui doit d\u00e9sormais fixer la date du proc\u00e8s entre Ousmane Sonko et Adji Sarr, qui l\u2019accuse de viol et menaces de mort.<\/p>\n\n\n\n<p><\/p>\n\n\n\n<p>La Cour supr\u00eame va ainsi dans le sens de la chambre d\u2019accusation. Celle-ci avait d\u00e9clar\u00e9 irrecevable le recours des avocats du leader de Pastef contre l\u2019ordonnance du Doyen des juges qui envoie leur client devant la chambre criminelle. Ces derniers avaient soulev\u00e9 une exception d\u2019inconstitutionnalit\u00e9. Estimant que la Constitution a \u00e9t\u00e9 viol\u00e9e \u00e0 partir du moment o\u00f9 la d\u00e9fense a \u00e9t\u00e9 priv\u00e9e du droit de faire appel de l\u2019ordonnance de renvoi.<\/p>\n\n\n\n<p>Les conseils de Sonko souhaitaient ainsi que la juridiction d\u2019instruction du second degr\u00e9 transmette le dossier au conseil constitutionnel. Mais la chambre d\u2019accusation a rejet\u00e9 leur requ\u00eate. Et la Cour supr\u00eame, le dernier recours, vient de lui emboiter le pas.<\/p>\n","protected":false},"excerpt":{"rendered":"<p>iGFM &#8211; (Dakar) Ousmane Sonko fonce-t-il vers le proc\u00e8s dans l\u2019affaire Sweet Beauty ? Tout porte \u00e0 le croire avec<\/p>\n","protected":false},"author":1,"featured_media":10933,"comment_status":"open","ping_status":"open","sticky":false,"template":"","format":"standard","meta":{"footnotes":""},"categories":[26],"tags":[],"class_list":["post-10932","post","type-post","status-publish","format-standard","has-post-thumbnail","hentry","category-fait-divers"],"_links":{"self":[{"href":"https:\/\/dekkbi.com\/index.php?rest_route=\/wp\/v2\/posts\/10932","targetHints":{"allow":["GET"]}}],"collection":[{"href":"https:\/\/dekkbi.com\/index.php?rest_route=\/wp\/v2\/posts"}],"about":[{"href":"https:\/\/dekkbi.com\/index.php?rest_route=\/wp\/v2\/types\/post"}],"author":[{"embeddable":true,"href":"https:\/\/dekkbi.com\/index.php?rest_route=\/wp\/v2\/users\/1"}],"replies":[{"embeddable":true,"href":"https:\/\/dekkbi.com\/index.php?rest_route=%2Fwp%2Fv2%2Fcomments&post=10932"}],"version-history":[{"count":1,"href":"https:\/\/dekkbi.com\/index.php?rest_route=\/wp\/v2\/posts\/10932\/revisions"}],"predecessor-version":[{"id":10934,"href":"https:\/\/dekkbi.com\/index.php?rest_route=\/wp\/v2\/posts\/10932\/revisions\/10934"}],"wp:featuredmedia":[{"embeddable":true,"href":"https:\/\/dekkbi.com\/index.php?rest_route=\/wp\/v2\/media\/10933"}],"wp:attachment":[{"href":"https:\/\/dekkbi.com\/index.php?rest_route=%2Fwp%2Fv2%2Fmedia&parent=10932"}],"wp:term":[{"taxonomy":"category","embeddable":true,"href":"https:\/\/dekkbi.com\/index.php?rest_route=%2Fwp%2Fv2%2Fcategories&post=10932"},{"taxonomy":"post_tag","embeddable":true,"href":"https:\/\/dekkbi.com\/index.php?rest_route=%2Fwp%2Fv2%2Ftags&post=10932"}],"curies":[{"name":"wp","href":"https:\/\/api.w.org\/{rel}","templated":true}]}}