{"id":10906,"date":"2023-04-24T13:14:56","date_gmt":"2023-04-24T13:14:56","guid":{"rendered":"https:\/\/dekkbi.com\/?p=10906"},"modified":"2023-04-24T13:14:57","modified_gmt":"2023-04-24T13:14:57","slug":"guinee-equatoriale-12-morts-dues-au-virus-de-marburg-selon-un-nouveau-bilan","status":"publish","type":"post","link":"https:\/\/dekkbi.com\/?p=10906","title":{"rendered":"Guin\u00e9e \u00e9quatoriale: 12 morts dues au virus de Marburg selon un nouveau bilan"},"content":{"rendered":"\n<p><a href=\"https:\/\/www.addthis.com\/bookmark.php?v=300\"><\/a><a href=\"https:\/\/www.addthis.com\/bookmark.php?v=300\"><\/a><a rel=\"noreferrer noopener\" href=\"https:\/\/www.addthis.com\/bookmark.php?v=300\" target=\"_blank\"><\/a><a rel=\"noreferrer noopener\" href=\"https:\/\/www.addthis.com\/bookmark.php?v=300\" target=\"_blank\"><\/a>Le nouveau bilan provisoire de l&rsquo;\u00e9pid\u00e9mie de maladie \u00e0 virus de Marburg qui s\u00e9vit depuis plus de trois mois en Guin\u00e9e \u00e9quatoriale s&rsquo;\u00e9tablit \u00e0 12 morts, selon un nouveau bilan confirm\u00e9 du minist\u00e8re de la Sant\u00e9 confirm\u00e9 lundi \u00e0 l&rsquo;AFP.<\/p>\n\n\n\n<p>Le dernier d\u00e9c\u00e8s recens\u00e9 par les autorit\u00e9s d\u00fb \u00e0 l&rsquo;\u00e9pid\u00e9mie de ce virus cousin d&rsquo;Ebola et presque aussi meurtrier que lui remontait au 11 avril.<\/p>\n\n\n\n<p>Au 21 avril, \u00ab\u00a0il y a eu 17 cas et 12 d\u00e9c\u00e8s depuis le d\u00e9but de l&rsquo;\u00e9pid\u00e9mie\u00a0\u00bb, a indiqu\u00e9 le minist\u00e8re de la Sant\u00e9 dans un rapport pr\u00e9sentant les donn\u00e9es \u00e9pid\u00e9miologiques de la maladie \u00e0 virus de Marburg.<\/p>\n\n\n\n<p>Au total, 116 cas contacts font l&rsquo;objet d&rsquo;un suivi, contre 385 le 11 avril, et 1.427 personnes ont \u00e9t\u00e9 cas contacts depuis le d\u00e9but de l&rsquo;\u00e9pid\u00e9mie, selon la m\u00eame source.<\/p>\n\n\n\n<p>Les cas recens\u00e9s de cette fi\u00e8vre h\u00e9morragique ont d\u00e9bord\u00e9 de la province de Ki\u00e9-Ntem (Est) o\u00f9 elle avait provoqu\u00e9 les premiers d\u00e9c\u00e8s connus le 7 janvier, jusqu&rsquo;\u00e0 toucher Bata, la capitale \u00e9conomique de ce petit pays d&rsquo;Afrique centrale, qui concentre la majorit\u00e9 des cas positifs confirm\u00e9s (11 sur 17), selon les autorit\u00e9s.<\/p>\n\n\n\n<p>Il y a pr\u00e8s d&rsquo;un mois, l&rsquo;Organisation mondiale de la sant\u00e9 (OMS) avait appel\u00e9 la Guin\u00e9e \u00e9quatoriale \u00e0 lui signaler les cas de virus de Marburg en raison de craintes de contaminations plus r\u00e9pandues qu&rsquo;annonc\u00e9es.<\/p>\n\n\n\n<p>L&rsquo;agence onusienne s&rsquo;alarmait d&rsquo;une potentielle \u00ab\u00a0\u00e9pid\u00e9mie \u00e0 grande \u00e9chelle\u00a0\u00bb, pouvant affecter notamment le Gabon et le Cameroun voisins.<\/p>\n\n\n\n<p>Le virus de Marburg se transmet \u00e0 l&rsquo;homme par les chauves-souris frugivores et se propage dans l&rsquo;esp\u00e8ce humaine par contact direct avec les fluides corporels des personnes infect\u00e9es, ou avec les surfaces et les mat\u00e9riaux. Le taux de l\u00e9talit\u00e9 peut atteindre 88%.<\/p>\n\n\n\n<p>Il n&rsquo;existe aucun vaccin ou traitement antiviral approuv\u00e9 pour traiter le virus. Cependant, les soins de soutien &#8211; r\u00e9hydratation par voie orale ou intraveineuse &#8211; et le traitement des sympt\u00f4mes sp\u00e9cifiques augmentent les chances de survie.<\/p>\n\n\n\n<p><a href=\"https:\/\/information.tv5monde.com\/auteur\/afp\">AFP<\/a><\/p>\n\n\n\n<p>\u00a9 2023 AFP<\/p>\n\n\n\n<p>Mise \u00e0 jour 24.04.2023 \u00e0 14:<\/p>\n\n\n\n<h1 class=\"wp-block-heading\"><\/h1>\n","protected":false},"excerpt":{"rendered":"<p>Le nouveau bilan provisoire de l&rsquo;\u00e9pid\u00e9mie de maladie \u00e0 virus de Marburg qui s\u00e9vit depuis plus de trois mois en<\/p>\n","protected":false},"author":1,"featured_media":10907,"comment_status":"open","ping_status":"open","sticky":false,"template":"","format":"standard","meta":{"footnotes":""},"categories":[51],"tags":[],"class_list":["post-10906","post","type-post","status-publish","format-standard","has-post-thumbnail","hentry","category-general"],"_links":{"self":[{"href":"https:\/\/dekkbi.com\/index.php?rest_route=\/wp\/v2\/posts\/10906","targetHints":{"allow":["GET"]}}],"collection":[{"href":"https:\/\/dekkbi.com\/index.php?rest_route=\/wp\/v2\/posts"}],"about":[{"href":"https:\/\/dekkbi.com\/index.php?rest_route=\/wp\/v2\/types\/post"}],"author":[{"embeddable":true,"href":"https:\/\/dekkbi.com\/index.php?rest_route=\/wp\/v2\/users\/1"}],"replies":[{"embeddable":true,"href":"https:\/\/dekkbi.com\/index.php?rest_route=%2Fwp%2Fv2%2Fcomments&post=10906"}],"version-history":[{"count":1,"href":"https:\/\/dekkbi.com\/index.php?rest_route=\/wp\/v2\/posts\/10906\/revisions"}],"predecessor-version":[{"id":10908,"href":"https:\/\/dekkbi.com\/index.php?rest_route=\/wp\/v2\/posts\/10906\/revisions\/10908"}],"wp:featuredmedia":[{"embeddable":true,"href":"https:\/\/dekkbi.com\/index.php?rest_route=\/wp\/v2\/media\/10907"}],"wp:attachment":[{"href":"https:\/\/dekkbi.com\/index.php?rest_route=%2Fwp%2Fv2%2Fmedia&parent=10906"}],"wp:term":[{"taxonomy":"category","embeddable":true,"href":"https:\/\/dekkbi.com\/index.php?rest_route=%2Fwp%2Fv2%2Fcategories&post=10906"},{"taxonomy":"post_tag","embeddable":true,"href":"https:\/\/dekkbi.com\/index.php?rest_route=%2Fwp%2Fv2%2Ftags&post=10906"}],"curies":[{"name":"wp","href":"https:\/\/api.w.org\/{rel}","templated":true}]}}