{"id":10849,"date":"2023-04-24T09:38:22","date_gmt":"2023-04-24T09:38:22","guid":{"rendered":"https:\/\/dekkbi.com\/?p=10849"},"modified":"2023-04-24T09:38:24","modified_gmt":"2023-04-24T09:38:24","slug":"presidentielle-2024-le-senegal-en-sall-dattente","status":"publish","type":"post","link":"https:\/\/dekkbi.com\/?p=10849","title":{"rendered":"Pr\u00e9sidentielle 2024 : Le S\u00e9n\u00e9gal en SALL d\u2019attente"},"content":{"rendered":"\n<p><strong>Ceux qui attendent que le chef de l\u2019Etat se prononce sur sa candidature ou non pour 2024 devront prendre leur mal en patience. Invit\u00e9 sur la Rfm samedi, Macky Sall a refus\u00e9 de se prononcer sur cette question. Lors de cet entretien, il a confirm\u00e9 la fin de son compagnonnage avec Idrissa Seck dans Bby, r\u00e9it\u00e9r\u00e9 son appel au dialogue avec l\u2019opposition qui, selon lui, a int\u00e9r\u00eat \u00e0 y r\u00e9pondre pour que les questions li\u00e9es \u00e0 l\u2019\u00e9ligibilit\u00e9 de Khalifa Sall, de Karim Wade, au parrainage soient abord\u00e9es.<\/strong><\/p>\n\n\n\n<p><strong>Par Dieynaba KANE \u2013&nbsp;<\/strong>Macky Sall maintient toujours le suspense. Sa r\u00e9ponse sur sa candidature en 2024 \u00e9tait attendue d\u00e8s l\u2019annonce de cette interview accord\u00e9e \u00e0 la Rfm, mais le pr\u00e9sident de la R\u00e9publique n\u2019a pas vari\u00e9 dans sa position. Interpell\u00e9 sur cette question par El Hadj Assane Gueye, Macky Sall d\u00e9clare : \u00abJe peux comprendre les gens qui sont impatients de savoir si je serai \u00e0 nouveau candidat en 2024 ou pas, c\u2019est leur droit. Mais je suis avec des gens et on traitera cette question le moment venu, peut-\u00eatre que \u00e7a sera pour bient\u00f4t.\u00bb Et de poursuivre : \u00abLes gens qui veulent que je me prononce ont commenc\u00e9 \u00e0 poser ce d\u00e9bat, certains m\u00eame en 2012. Ces gens ne s\u2019int\u00e9ressent pas au travail du Pr\u00e9sident, ce qui les int\u00e9resse c\u2019est de savoir quand est-ce que il va quitter le pouvoir. J\u2019ai m\u00eame entendu dire Jamm gueun 3\u00e8me mandat. Ce sont des choses, quand on le dit, on ne veut pas la paix. Parce que si on veut la paix, on commence par le dialogue, on ne peut pas donner le mot d\u2019ordre \u00e0 celui qui est au pouvoir de ne pas se repr\u00e9senter. Les choses ne peuvent pas se passer comme \u00e7a, le moment venu je parlerai.\u00bb<\/p>\n\n\n\n<p><strong>\u00abOn ne doit pas m\u2019imposer le moment de parler de ma candidature\u00bb<\/strong><br>Fid\u00e8le \u00e0 ses convictions sur ce sujet, M. Sall ne compte pas c\u00e9der \u00e0 la pression. Il dit : \u00abCeux qui ne peuvent pas patienter, peuvent en parler, c\u2019est leur droit. Et ceux qui pensent qu\u2019ils peuvent \u00eatre candidats, qu\u2019ils d\u00e9clarent leur candidature. Ce qui est important, c\u2019est de continuer \u00e0 travailler pour le pays. Je suis d\u00e9mocrate et qu\u2019on n\u2019oublie pas que j\u2019ai un mandat qui va prendre fin le 2 avril 2024, je dois travailler pour ce pays. Celui qui est dans la pr\u00e9paration pour pr\u00e9senter sa candidature est libre, mais ils ne doivent pas m\u2019imposer le moment d\u2019en parler.\u00bb<\/p>\n\n\n\n<p><strong>Candidature de Idy&nbsp;: \u00abC\u2019est un acte de rupture\u00bb<\/strong><br>Cette interview a \u00e9t\u00e9 r\u00e9alis\u00e9e quelques jours apr\u00e8s la d\u00e9claration de candidature de Idrissa Seck, pr\u00e9sident du Cese et membre de la Coalition Bby. Le Pr\u00e9sident Sall a ainsi confirm\u00e9 la fin du compagnonnage d\u00e8s l\u2019instant que le pr\u00e9sident du Cese a annonc\u00e9 \u00eatre en course pour la magistrature supr\u00eame en 2024. Et Macky Sall d\u2019expliquer : \u00abQuand je l\u2019ai appel\u00e9 en 2020 pour qu\u2019on travaille ensemble, on n\u2019a pas parl\u00e9 de 2024. Je lui ai dit&nbsp;: \u00abIl faut qu\u2019on travaille ensemble pour le S\u00e9n\u00e9gal.\u00bb Dieu seul sait ce qui va se passer en 2024. Il a d\u00e9clar\u00e9 sa candidature pour 2024 et je lui ai dit&nbsp;: \u00abLa cons\u00e9quence, c\u2019est son d\u00e9part de la majorit\u00e9 pr\u00e9sidentielle, de la pr\u00e9sidence du Cese et celui de ses ministres du gouvernement.\u00bb C\u2019est un acte de rupture avec le compagnonnage, mais \u00e7a n\u2019a aucune incidence sur nos rapports.\u00bb<\/p>\n\n\n\n<p><strong>Il avertit ceux qui voudraient boycotter le dialogue<\/strong><\/p>\n\n\n\n<p><br>Le dialogue auquel le pr\u00e9sident de la R\u00e9publique a convi\u00e9 l\u2019opposition a \u00e9t\u00e9 aussi abord\u00e9 lors de cet entretien. M. Sall qui fait savoir que rien ne l\u2019oblige \u00e0 dialoguer,\u00a0estime que s\u2019il le fait, \u00abc\u2019est pour redonner \u00e0 certains la possibilit\u00e9 de redevenir \u00e9ligibles\u00bb. Et d\u2019avertir : \u00abSi on ne dialogue pas, ils auront beau parler, ils ne seront pas candidats. Ce dialogue est dans leur int\u00e9r\u00eat. Il y a beaucoup de sujets qui seront discut\u00e9s, notamment le parrainage, l\u2019\u00e9ligibilit\u00e9. Khalifa Sall attend l\u2019amnistie, Karim Wade, lui, demande une r\u00e9vision de son proc\u00e8s. Cela ne sera possible qu\u2019\u00e0 travers le dialogue.\u00bb L\u2019opposition et certaines organisations de la Soci\u00e9t\u00e9 civile d\u00e9noncent les arrestations des militants du parti Pastef et parlent de d\u00e9tenus politiques. Ce que r\u00e9fute le chef de l\u2019Etat qui soutient qu\u2019au S\u00e9n\u00e9gal \u00abil n\u2019y a pas de d\u00e9tenu politique\u00bb. Et d\u2019argumenter : \u00abCeux qui sont dans les liens de la d\u00e9tention ont viol\u00e9 la loi. Personne n\u2019a \u00e9t\u00e9 poursuivi pour un d\u00e9lit d\u2019opinion, encore moins pour un d\u00e9lit de presse. On ne peut pas tol\u00e9rer qu\u2019on insulte le pr\u00e9sident de la R\u00e9publique, des g\u00e9n\u00e9raux de l\u2019Arm\u00e9e ou des magistrats.\u00bb<br><strong>dkane@lequotidien.sn<\/strong><\/p>\n","protected":false},"excerpt":{"rendered":"<p>Ceux qui attendent que le chef de l\u2019Etat se prononce sur sa candidature ou non pour 2024 devront prendre leur<\/p>\n","protected":false},"author":1,"featured_media":1931,"comment_status":"open","ping_status":"open","sticky":false,"template":"","format":"standard","meta":{"footnotes":""},"categories":[6],"tags":[],"class_list":["post-10849","post","type-post","status-publish","format-standard","has-post-thumbnail","hentry","category-politics"],"_links":{"self":[{"href":"https:\/\/dekkbi.com\/index.php?rest_route=\/wp\/v2\/posts\/10849","targetHints":{"allow":["GET"]}}],"collection":[{"href":"https:\/\/dekkbi.com\/index.php?rest_route=\/wp\/v2\/posts"}],"about":[{"href":"https:\/\/dekkbi.com\/index.php?rest_route=\/wp\/v2\/types\/post"}],"author":[{"embeddable":true,"href":"https:\/\/dekkbi.com\/index.php?rest_route=\/wp\/v2\/users\/1"}],"replies":[{"embeddable":true,"href":"https:\/\/dekkbi.com\/index.php?rest_route=%2Fwp%2Fv2%2Fcomments&post=10849"}],"version-history":[{"count":1,"href":"https:\/\/dekkbi.com\/index.php?rest_route=\/wp\/v2\/posts\/10849\/revisions"}],"predecessor-version":[{"id":10850,"href":"https:\/\/dekkbi.com\/index.php?rest_route=\/wp\/v2\/posts\/10849\/revisions\/10850"}],"wp:featuredmedia":[{"embeddable":true,"href":"https:\/\/dekkbi.com\/index.php?rest_route=\/wp\/v2\/media\/1931"}],"wp:attachment":[{"href":"https:\/\/dekkbi.com\/index.php?rest_route=%2Fwp%2Fv2%2Fmedia&parent=10849"}],"wp:term":[{"taxonomy":"category","embeddable":true,"href":"https:\/\/dekkbi.com\/index.php?rest_route=%2Fwp%2Fv2%2Fcategories&post=10849"},{"taxonomy":"post_tag","embeddable":true,"href":"https:\/\/dekkbi.com\/index.php?rest_route=%2Fwp%2Fv2%2Ftags&post=10849"}],"curies":[{"name":"wp","href":"https:\/\/api.w.org\/{rel}","templated":true}]}}