{"id":10846,"date":"2023-04-24T09:36:01","date_gmt":"2023-04-24T09:36:01","guid":{"rendered":"https:\/\/dekkbi.com\/?p=10846"},"modified":"2023-04-24T09:36:03","modified_gmt":"2023-04-24T09:36:03","slug":"gouvernement-remaniement-ministeriel-imminent","status":"publish","type":"post","link":"https:\/\/dekkbi.com\/?p=10846","title":{"rendered":"Gouvernement : Remaniement minist\u00e9riel imminent"},"content":{"rendered":"\n<h1 class=\"wp-block-heading has-medium-font-size\">iGFM &#8211; (Dakar) Avec la d\u00e9mission des ministres membres de Rewmi (Yankhoba Diatara et Aly Saleh), l\u2019attelage gouvernemental sera bient\u00f4t retouch\u00e9.<\/h1>\n\n\n\n<p>Selon Les \u00c9chos, Macky Sall veut profiter du\u00a0<strong>d\u00e9part des ministres<\/strong>\u00a0membres du parti de Idrissa Seck, qui vont quitter la mouvance pr\u00e9sidentielle ce lundi, pour op\u00e9rer un changement en profondeur. Le pr\u00e9sident de la R\u00e9publique veut un v\u00e9ritable gouvernement de combat, puisqu\u2019il n&rsquo;est pas totalement satisfait des performances de certains de ses ministres, indique le journal.<br><br>Par ailleurs, selon le m\u00eame journal, le fauteuil de pr\u00e9sident du Conseil \u00e9conomique, social et environnemental (Cese), qui sera lib\u00e9r\u00e9 par Idrissa Seck, attire la convoitise. Ils sont nombreux au sein de l&rsquo;Alliance pour la R\u00e9publique et en dehors, \u00e0 esp\u00e9rer h\u00e9riter du poste qui sera vacant d\u00e8s ce lundi.<br><br>Samedi, Idrissa Seck avait\u00a0<strong>annonc\u00e9<\/strong>\u00a0que d\u00e8s ce lundi, il d\u00e9missionnerait de la pr\u00e9sidence du Conseil \u00e9conomique social et environnemental (Cese). Il compte aussi adresser une lettre \u00e0 Macky Sall pour lui signifier sa d\u00e9mission de la coalition Benno Bok Yakaar. \u00a0\u00abJ\u2019annonce \u00e9galement que les ministres membres de Rewmi ont d\u00e9cid\u00e9 de quitter le gouvernement\u00bb, avait-il ajout\u00e9.<\/p>\n","protected":false},"excerpt":{"rendered":"<p>iGFM &#8211; (Dakar) Avec la d\u00e9mission des ministres membres de Rewmi (Yankhoba Diatara et Aly Saleh), l\u2019attelage gouvernemental sera bient\u00f4t<\/p>\n","protected":false},"author":1,"featured_media":10847,"comment_status":"open","ping_status":"open","sticky":false,"template":"","format":"standard","meta":{"footnotes":""},"categories":[6],"tags":[],"class_list":["post-10846","post","type-post","status-publish","format-standard","has-post-thumbnail","hentry","category-politics"],"_links":{"self":[{"href":"https:\/\/dekkbi.com\/index.php?rest_route=\/wp\/v2\/posts\/10846","targetHints":{"allow":["GET"]}}],"collection":[{"href":"https:\/\/dekkbi.com\/index.php?rest_route=\/wp\/v2\/posts"}],"about":[{"href":"https:\/\/dekkbi.com\/index.php?rest_route=\/wp\/v2\/types\/post"}],"author":[{"embeddable":true,"href":"https:\/\/dekkbi.com\/index.php?rest_route=\/wp\/v2\/users\/1"}],"replies":[{"embeddable":true,"href":"https:\/\/dekkbi.com\/index.php?rest_route=%2Fwp%2Fv2%2Fcomments&post=10846"}],"version-history":[{"count":1,"href":"https:\/\/dekkbi.com\/index.php?rest_route=\/wp\/v2\/posts\/10846\/revisions"}],"predecessor-version":[{"id":10848,"href":"https:\/\/dekkbi.com\/index.php?rest_route=\/wp\/v2\/posts\/10846\/revisions\/10848"}],"wp:featuredmedia":[{"embeddable":true,"href":"https:\/\/dekkbi.com\/index.php?rest_route=\/wp\/v2\/media\/10847"}],"wp:attachment":[{"href":"https:\/\/dekkbi.com\/index.php?rest_route=%2Fwp%2Fv2%2Fmedia&parent=10846"}],"wp:term":[{"taxonomy":"category","embeddable":true,"href":"https:\/\/dekkbi.com\/index.php?rest_route=%2Fwp%2Fv2%2Fcategories&post=10846"},{"taxonomy":"post_tag","embeddable":true,"href":"https:\/\/dekkbi.com\/index.php?rest_route=%2Fwp%2Fv2%2Ftags&post=10846"}],"curies":[{"name":"wp","href":"https:\/\/api.w.org\/{rel}","templated":true}]}}