{"id":10802,"date":"2023-04-23T11:50:42","date_gmt":"2023-04-23T11:50:42","guid":{"rendered":"https:\/\/dekkbi.com\/?p=10802"},"modified":"2023-04-23T11:52:08","modified_gmt":"2023-04-23T11:52:08","slug":"arrestation-dopposants-fadel-barro-cest-notre-regime-politique-quon-doit-changer","status":"publish","type":"post","link":"https:\/\/dekkbi.com\/?p=10802","title":{"rendered":"Arrestation d\u2019opposants \/ Fadel Barro : \u00ab C\u2019est notre r\u00e9gime politique qu\u2019on doit changer! \u00bb"},"content":{"rendered":"\n<figure class=\"wp-block-embed is-type-rich is-provider-prise-en-charge-des-contenus-embarques wp-block-embed-prise-en-charge-des-contenus-embarques wp-embed-aspect-16-9 wp-has-aspect-ratio\"><div class=\"wp-block-embed__wrapper\">\n<iframe loading=\"lazy\" title=\"Arrestations d\u2019opposants \/ Fadel Barro : \u00ab C\u2019est notre r\u00e9gime politique qu\u2019on doit changer \u00bb\" width=\"800\" height=\"450\" src=\"https:\/\/www.youtube.com\/embed\/bL3Ib4LCLdg?feature=oembed\" frameborder=\"0\" allow=\"accelerometer; autoplay; clipboard-write; encrypted-media; gyroscope; picture-in-picture; web-share\" allowfullscreen><\/iframe>\n<\/div><\/figure>\n\n\n\n<p>Invit\u00e9 de l\u2019\u00e9mission \u00ab L\u2019Entretien \u00bb, le coordonnateur du mouvement citoyen \u00ab Jammi Gox Yi \u00bb, par ailleurs, acteur majeur de la lutte contre le 3e mandat du Pr\u00e9sident Wade en 2012, est revenu sur les vagues d\u2019arrestations de responsables et de militants de Pastef. Sans langue de bois, Fadel Barro, croit que c\u2019est le syst\u00e8me politique du S\u00e9n\u00e9gal qu\u2019il faudra changer.\u00ab Ce qui m\u2019int\u00e9resse, ce sont ces arrestations tous azimuts. Ce r\u00e9gime politique que nous avons adopt\u00e9 est \u00e0 l\u2019origine de toutes ces arrestations et brutalit\u00e9s des opposants. On doit le changer car il ira crescendo. La solution n\u2019est pas de changer les hommes \u00e0 la t\u00eate de l\u2019\u00c9tat, mais de changer le syst\u00e8me politique \u00bb, fait savoir l\u2019ancien coordonnateur du mouvement citoyen Y\u2019en a marre.<\/p>\n","protected":false},"excerpt":{"rendered":"<p>Invit\u00e9 de l\u2019\u00e9mission \u00ab L\u2019Entretien \u00bb, le coordonnateur du mouvement citoyen \u00ab Jammi Gox Yi \u00bb, par ailleurs, acteur majeur<\/p>\n","protected":false},"author":1,"featured_media":5331,"comment_status":"open","ping_status":"open","sticky":false,"template":"","format":"standard","meta":{"footnotes":""},"categories":[6],"tags":[],"class_list":["post-10802","post","type-post","status-publish","format-standard","has-post-thumbnail","hentry","category-politics"],"_links":{"self":[{"href":"https:\/\/dekkbi.com\/index.php?rest_route=\/wp\/v2\/posts\/10802","targetHints":{"allow":["GET"]}}],"collection":[{"href":"https:\/\/dekkbi.com\/index.php?rest_route=\/wp\/v2\/posts"}],"about":[{"href":"https:\/\/dekkbi.com\/index.php?rest_route=\/wp\/v2\/types\/post"}],"author":[{"embeddable":true,"href":"https:\/\/dekkbi.com\/index.php?rest_route=\/wp\/v2\/users\/1"}],"replies":[{"embeddable":true,"href":"https:\/\/dekkbi.com\/index.php?rest_route=%2Fwp%2Fv2%2Fcomments&post=10802"}],"version-history":[{"count":1,"href":"https:\/\/dekkbi.com\/index.php?rest_route=\/wp\/v2\/posts\/10802\/revisions"}],"predecessor-version":[{"id":10804,"href":"https:\/\/dekkbi.com\/index.php?rest_route=\/wp\/v2\/posts\/10802\/revisions\/10804"}],"wp:featuredmedia":[{"embeddable":true,"href":"https:\/\/dekkbi.com\/index.php?rest_route=\/wp\/v2\/media\/5331"}],"wp:attachment":[{"href":"https:\/\/dekkbi.com\/index.php?rest_route=%2Fwp%2Fv2%2Fmedia&parent=10802"}],"wp:term":[{"taxonomy":"category","embeddable":true,"href":"https:\/\/dekkbi.com\/index.php?rest_route=%2Fwp%2Fv2%2Fcategories&post=10802"},{"taxonomy":"post_tag","embeddable":true,"href":"https:\/\/dekkbi.com\/index.php?rest_route=%2Fwp%2Fv2%2Ftags&post=10802"}],"curies":[{"name":"wp","href":"https:\/\/api.w.org\/{rel}","templated":true}]}}