{"id":10784,"date":"2023-04-23T11:22:41","date_gmt":"2023-04-23T11:22:41","guid":{"rendered":"https:\/\/dekkbi.com\/?p=10784"},"modified":"2023-04-23T11:22:41","modified_gmt":"2023-04-23T11:22:41","slug":"depart-didrissa-seck-macky-sall-donne-les-details-du-divorce","status":"publish","type":"post","link":"https:\/\/dekkbi.com\/?p=10784","title":{"rendered":"D\u00e9part d\u2019Idrissa Seck: Macky Sall donne les d\u00e9tails du divorce"},"content":{"rendered":"\n<p>Macky Sall et son alli\u00e9 Idrissa Seck ont officiellement mis fin \u00e0 la coalition \u00ab mbourok sow \u00bb. Au cours de deux sorties quasi simultan\u00e9es ce samedi 22 avril 2023, jour d\u2019A\u00efd al Fitr, le leader de l\u2019Apr et celui de Rewmi ont sign\u00e9 l\u2019acte de mort de leur compagnonnage sans accroc.<\/p>\n\n\n\n<p>Le Pr\u00e9sident Macky Sall a comment\u00e9 sur le plateau de l\u2019\u00e9mission Yoon wi sur la Rfm, la d\u00e9cision d&rsquo;Idrissa Seck de se pr\u00e9senter \u00e0 la pr\u00e9sidentielle de 2024, en soulignant que cela avait \u00e9t\u00e9 d\u00e9cid\u00e9 d\u2019un commun accord.Le pr\u00e9sident Sall a ajout\u00e9 que cela n\u2019aurait aucun impact sur leurs relations. \u00ab Cela ne changera rien dans nos relations. On s\u2019\u00e9tait alli\u00e9s et on s\u2019\u00e9tait clairement accord\u00e9s sur le rendez-vous pr\u00e9sidentiel de 2024. Je lui avais dit qu\u2019il avait la libert\u00e9 de se pr\u00e9senter le moment venu. Ce qu\u2019il a fait. Je prends acte. Je prie pour lui \u00bb, d\u00e9clare-t-il.Le Pr\u00e9sident Sall a pris acte de la d\u00e9cision et a pri\u00e9 pour son alli\u00e9. Selon Macky Sall, la cons\u00e9quence de cette d\u00e9cision du leader de Rewmi est qu\u2019il va d\u00e9missionner de son poste de pr\u00e9sident du conseil \u00e9conomique, social et environnemental (Cese).<\/p>\n\n\n\n<p>SOURCE LERAL<\/p>\n","protected":false},"excerpt":{"rendered":"<p>Macky Sall et son alli\u00e9 Idrissa Seck ont officiellement mis fin \u00e0 la coalition \u00ab mbourok sow \u00bb. Au cours<\/p>\n","protected":false},"author":1,"featured_media":10640,"comment_status":"open","ping_status":"open","sticky":false,"template":"","format":"standard","meta":{"footnotes":""},"categories":[6],"tags":[],"class_list":["post-10784","post","type-post","status-publish","format-standard","has-post-thumbnail","hentry","category-politics"],"_links":{"self":[{"href":"https:\/\/dekkbi.com\/index.php?rest_route=\/wp\/v2\/posts\/10784","targetHints":{"allow":["GET"]}}],"collection":[{"href":"https:\/\/dekkbi.com\/index.php?rest_route=\/wp\/v2\/posts"}],"about":[{"href":"https:\/\/dekkbi.com\/index.php?rest_route=\/wp\/v2\/types\/post"}],"author":[{"embeddable":true,"href":"https:\/\/dekkbi.com\/index.php?rest_route=\/wp\/v2\/users\/1"}],"replies":[{"embeddable":true,"href":"https:\/\/dekkbi.com\/index.php?rest_route=%2Fwp%2Fv2%2Fcomments&post=10784"}],"version-history":[{"count":1,"href":"https:\/\/dekkbi.com\/index.php?rest_route=\/wp\/v2\/posts\/10784\/revisions"}],"predecessor-version":[{"id":10785,"href":"https:\/\/dekkbi.com\/index.php?rest_route=\/wp\/v2\/posts\/10784\/revisions\/10785"}],"wp:featuredmedia":[{"embeddable":true,"href":"https:\/\/dekkbi.com\/index.php?rest_route=\/wp\/v2\/media\/10640"}],"wp:attachment":[{"href":"https:\/\/dekkbi.com\/index.php?rest_route=%2Fwp%2Fv2%2Fmedia&parent=10784"}],"wp:term":[{"taxonomy":"category","embeddable":true,"href":"https:\/\/dekkbi.com\/index.php?rest_route=%2Fwp%2Fv2%2Fcategories&post=10784"},{"taxonomy":"post_tag","embeddable":true,"href":"https:\/\/dekkbi.com\/index.php?rest_route=%2Fwp%2Fv2%2Ftags&post=10784"}],"curies":[{"name":"wp","href":"https:\/\/api.w.org\/{rel}","templated":true}]}}