{"id":10754,"date":"2023-04-22T08:38:19","date_gmt":"2023-04-22T08:38:19","guid":{"rendered":"https:\/\/dekkbi.com\/?p=10754"},"modified":"2023-04-22T08:38:20","modified_gmt":"2023-04-22T08:38:20","slug":"apres-linscription-de-karim-wade-sur-les-listes-electorales-le-pds-prepare-le-retour-de-son-candidat","status":"publish","type":"post","link":"https:\/\/dekkbi.com\/?p=10754","title":{"rendered":"Apr\u00e8s l\u2019inscription de Karim Wade sur les listes \u00e9lectorales: Le Pds pr\u00e9pare le retour de son candidat"},"content":{"rendered":"\n<p>le soleil -Apr\u00e8s l\u2019inscription de Karim Wade sur les listes \u00e9lectorales: Le Pds pr\u00e9pare le retour de son candidat. Le Secr\u00e9taire national \u00e0 la mobilisation et \u00e0 la propagande du Parti d\u00e9mocratique s\u00e9n\u00e9galais (Pds), Assane Ba, s\u2019invitant au d\u00e9bat sur l\u2019\u00e9ligibilit\u00e9 de Karim Meissa Wade, apr\u00e8s son enr\u00f4lement en Turquie, lundi dernier, indique que le parti est pr\u00e9occup\u00e9 par le retour de son candidat et sa participation \u00e0 l\u2019\u00e9lection pr\u00e9sidentielle du 25 f\u00e9vrier 2024.Apr\u00e8s s\u2019\u00eatre inscrit sur les listes \u00e9lectorales, le lundi 17 avril 2023, en Turquie, comme ce fut le cas en 2018 au Kowe\u00eft, Karim Meissa Wade, candidat du Parti d\u00e9mocratique s\u00e9n\u00e9galais (Pds), sera-t-il pour autant \u00e9ligible \u00e0 la prochaine pr\u00e9sidentielle du 25 f\u00e9vrier 2024 ? Sera-t-il encore exclu du fichier \u00e9lectoral comme en 2018 par la Direction g\u00e9n\u00e9rale des \u00e9lections qui avait rejet\u00e9 son inscription, suite \u00e0 sa condamnation en 2015 pour enrichissement illicite ?Selon le Secr\u00e9taire national \u00e0 la mobilisation du Parti d\u00e9mocratique s\u00e9n\u00e9galais (Pds), Assane Ba, joint au t\u00e9l\u00e9phone, \u00ab le retour au bercail de Karim Meissa Wade et sa participation au scrutin pr\u00e9sidentiel du 25 f\u00e9vrier 2024 sont une \u00e9vidence \u00bb. Pour lui, \u00ab Karim Wade n\u2019aurait jamais d\u00fb \u00eatre radi\u00e9 des listes \u00e9lectorales, puisq<div>u\u2019aucun juge ne l\u2019a d\u00e9chu de ses droits civils et politiques \u00bb. Il a rappel\u00e9 la sortie du Garde ses Sceaux d\u2019alors, Me Sidiki Kaba, qui, \u00ab en conf\u00e9rence de presse, apr\u00e8s la condamnation de Karim Wade, par la Crei, avait soutenu qu\u2019il n\u2019\u00e9tait pas d\u00e9chu de ses droits civils et politiques et qu\u2019il \u00e9tait par cons\u00e9quent \u00e9lecteur et \u00e9ligible \u00bb.<\/div><div>Il regrette de constater que les autorit\u00e9s avaient \u00ab tripatouill\u00e9 le Code \u00e9lectoral en ajoutant un alin\u00e9a qui n\u2019y a jamais figur\u00e9, \u00e0 l\u2019article 57 \u00bb.<\/div><div>Par cons\u00e9quent, dit-il, \u00ab les fonctionnaires de la Dge avaient enlev\u00e9 son nom des listes \u00e9lectorales en 2018 \u00bb. Cela a fait que Karim Wade n\u2019a pas pu \u00eatre candidat \u00e0 la pr\u00e9sidentielle de 2019. Apr\u00e8s sa demande d\u2019inscription sur les listes \u00e9lectorales, le 17 avril dernier, le contexte a chang\u00e9, d\u2019apr\u00e8s Assane B\u00e2. \u00c0 cet effet, m\u00eame si, selon les experts \u00e9lectoraux, son enr\u00f4lement ne pr\u00e9sage pas de sa recevabilit\u00e9 qui n\u2019est pas automatique, Assane Ba assure qu\u2019ils sont concentr\u00e9s sur le retour du fils de l\u2019ancien Pr\u00e9sident. \u00ab Nous attendons son grand retour au bercail avec impatience. Nous allons en discuter et l\u2019organiser dans le parti et nous le rendrons public au moment opportun \u00bb.<\/div><div>Concernant l\u2019amnistie annonc\u00e9e, Assane Ba souligne que \u00ab le Pds n\u2019est pas demandeur \u00bb. Selon lui, les lib\u00e9raux r\u00e9clament plut\u00f4t \u00ab une r\u00e9vision de son proc\u00e8s \u00bb pour la bonne et simple raison que leur candidat, dont les droits ont \u00e9t\u00e9 viol\u00e9s par l\u2019\u00c9tat et la Crei, n\u2019est nullement coupable \u00bb.<\/div><div>Condamn\u00e9 en mars 2015 par la Cour de r\u00e9pression pour l\u2019enrichissement illicite (Crei) \u00e0 six ann\u00e9es de prison et \u00e0 138 milliards de FCfa d\u2019amende, Karim Meissa Wade est exil\u00e9 depuis lors au Qatar, apr\u00e8s une gr\u00e2ce pr\u00e9sidentielle en juin 2016.<\/div><div>Mamadou Lamine DIEYE<\/div><\/p>\n","protected":false},"excerpt":{"rendered":"<p>le soleil -Apr\u00e8s l\u2019inscription de Karim Wade sur les listes \u00e9lectorales: Le Pds pr\u00e9pare le retour de son candidat. Le<\/p>\n","protected":false},"author":1,"featured_media":0,"comment_status":"open","ping_status":"open","sticky":false,"template":"","format":"standard","meta":{"footnotes":""},"categories":[6],"tags":[],"class_list":["post-10754","post","type-post","status-publish","format-standard","hentry","category-politics"],"_links":{"self":[{"href":"https:\/\/dekkbi.com\/index.php?rest_route=\/wp\/v2\/posts\/10754","targetHints":{"allow":["GET"]}}],"collection":[{"href":"https:\/\/dekkbi.com\/index.php?rest_route=\/wp\/v2\/posts"}],"about":[{"href":"https:\/\/dekkbi.com\/index.php?rest_route=\/wp\/v2\/types\/post"}],"author":[{"embeddable":true,"href":"https:\/\/dekkbi.com\/index.php?rest_route=\/wp\/v2\/users\/1"}],"replies":[{"embeddable":true,"href":"https:\/\/dekkbi.com\/index.php?rest_route=%2Fwp%2Fv2%2Fcomments&post=10754"}],"version-history":[{"count":1,"href":"https:\/\/dekkbi.com\/index.php?rest_route=\/wp\/v2\/posts\/10754\/revisions"}],"predecessor-version":[{"id":10755,"href":"https:\/\/dekkbi.com\/index.php?rest_route=\/wp\/v2\/posts\/10754\/revisions\/10755"}],"wp:attachment":[{"href":"https:\/\/dekkbi.com\/index.php?rest_route=%2Fwp%2Fv2%2Fmedia&parent=10754"}],"wp:term":[{"taxonomy":"category","embeddable":true,"href":"https:\/\/dekkbi.com\/index.php?rest_route=%2Fwp%2Fv2%2Fcategories&post=10754"},{"taxonomy":"post_tag","embeddable":true,"href":"https:\/\/dekkbi.com\/index.php?rest_route=%2Fwp%2Fv2%2Ftags&post=10754"}],"curies":[{"name":"wp","href":"https:\/\/api.w.org\/{rel}","templated":true}]}}