{"id":10747,"date":"2023-04-22T08:31:42","date_gmt":"2023-04-22T08:31:42","guid":{"rendered":"https:\/\/dekkbi.com\/?p=10747"},"modified":"2023-04-22T08:31:43","modified_gmt":"2023-04-22T08:31:43","slug":"a-diattar-limam-appelle-a-un-retour-aux-valeurs-islamiques","status":"publish","type":"post","link":"https:\/\/dekkbi.com\/?p=10747","title":{"rendered":"A Diattar, l\u2019imam appelle \u00e0 un \u00bbretour aux valeurs islamiques \u00bb"},"content":{"rendered":"\n<p>(APS) \u2013 Thierno Hamidou Sy, l\u2019imam de Diattar, une localit\u00e9 de la commune de Gu\u00e9d\u00e9 Village, dans le d\u00e9partement de Podor (nord), a appel\u00e9, vendredi, les fid\u00e8les musulmans \u00e0 s\u2019attacher davantage au respect des valeurs islamiques, invitant au passage les jeunes \u00e0 cultiver le respect de l\u2019autorit\u00e9 parentale.<\/p>\n\n\n\n<p>Apr\u00e8s avoir dirig\u00e9 la pri\u00e8re marquant la fin du ramadan, \u00e0 la place du village, l\u2019imam de Diattar a notamment invit\u00e9 les fid\u00e8les \u00e0 un retour aux valeurs islamiques parmi lesquelles, \u2018\u2019le respect de l\u2019autorit\u00e9 parentale\u2019\u2019 et celle de \u2018\u2019la parole donn\u00e9e\u2019\u2019.Le guide religieux est longuement revenu sur \u2018\u2019la signification et le sens\u2019\u2019 du cinqui\u00e8me pilier de l\u2019Islam, insistant sur le fait que le je\u00fbne \u2018\u2019purifie\u2019\u2019 et \u2018\u2019vivifie\u2019\u2019 la foi, tout en rappelant l\u2019importance de donner la Zakkat (l\u2019aum\u00f4ne) avant m\u00eame d\u2019aller \u00e0 la pri\u00e8reThierno Hamidou Sy a demand\u00e9 avec insistance aux fid\u00e8les de  \u00bbbannir le mensonge, la calomnie, la m\u00e9disance \u00bb et de cultiver  \u00bbla coh\u00e9sion sociale \u00bb et la  \u00bbpromotion de la paix \u00bb  \u00bbsi nous voulons b\u00e9n\u00e9ficier des bienfaits du je\u00fbneur promis par Allah \u00bb.Cl\u00f4turant son pr\u00eache, il a formul\u00e9 des pri\u00e8res pour  \u00bbla paix, la stabilit\u00e9 et la concorde \u00bb au S\u00e9n\u00e9gal et pour toute la Oumma.AHD\/AMD\/AKS\/OID <\/p>\n\n\n\n<p><\/p>\n\n\n\n<p><\/p>\n\n\n\n<p><\/p>\n","protected":false},"excerpt":{"rendered":"<p>(APS) \u2013 Thierno Hamidou Sy, l\u2019imam de Diattar, une localit\u00e9 de la commune de Gu\u00e9d\u00e9 Village, dans le d\u00e9partement de<\/p>\n","protected":false},"author":1,"featured_media":10749,"comment_status":"open","ping_status":"open","sticky":false,"template":"","format":"standard","meta":{"footnotes":""},"categories":[21],"tags":[],"class_list":["post-10747","post","type-post","status-publish","format-standard","has-post-thumbnail","hentry","category-societe"],"_links":{"self":[{"href":"https:\/\/dekkbi.com\/index.php?rest_route=\/wp\/v2\/posts\/10747","targetHints":{"allow":["GET"]}}],"collection":[{"href":"https:\/\/dekkbi.com\/index.php?rest_route=\/wp\/v2\/posts"}],"about":[{"href":"https:\/\/dekkbi.com\/index.php?rest_route=\/wp\/v2\/types\/post"}],"author":[{"embeddable":true,"href":"https:\/\/dekkbi.com\/index.php?rest_route=\/wp\/v2\/users\/1"}],"replies":[{"embeddable":true,"href":"https:\/\/dekkbi.com\/index.php?rest_route=%2Fwp%2Fv2%2Fcomments&post=10747"}],"version-history":[{"count":2,"href":"https:\/\/dekkbi.com\/index.php?rest_route=\/wp\/v2\/posts\/10747\/revisions"}],"predecessor-version":[{"id":10750,"href":"https:\/\/dekkbi.com\/index.php?rest_route=\/wp\/v2\/posts\/10747\/revisions\/10750"}],"wp:featuredmedia":[{"embeddable":true,"href":"https:\/\/dekkbi.com\/index.php?rest_route=\/wp\/v2\/media\/10749"}],"wp:attachment":[{"href":"https:\/\/dekkbi.com\/index.php?rest_route=%2Fwp%2Fv2%2Fmedia&parent=10747"}],"wp:term":[{"taxonomy":"category","embeddable":true,"href":"https:\/\/dekkbi.com\/index.php?rest_route=%2Fwp%2Fv2%2Fcategories&post=10747"},{"taxonomy":"post_tag","embeddable":true,"href":"https:\/\/dekkbi.com\/index.php?rest_route=%2Fwp%2Fv2%2Ftags&post=10747"}],"curies":[{"name":"wp","href":"https:\/\/api.w.org\/{rel}","templated":true}]}}