{"id":10717,"date":"2023-04-21T08:39:04","date_gmt":"2023-04-21T08:39:04","guid":{"rendered":"https:\/\/dekkbi.com\/?p=10717"},"modified":"2023-04-21T08:39:04","modified_gmt":"2023-04-21T08:39:04","slug":"aid-el-fitr-2023-encore-la-celebration-de-la-korite-dans-la-division","status":"publish","type":"post","link":"https:\/\/dekkbi.com\/?p=10717","title":{"rendered":"A\u00efd El Fitr 2023 : Encore la c\u00e9l\u00e9bration de la Korit\u00e9 dans la division"},"content":{"rendered":"\n<p>Tout le monde pensait que cette ann\u00e9e le S\u00e9n\u00e9gal allait c\u00e9l\u00e9brer l&rsquo;A\u00efd El Fitr dans l&rsquo;unit\u00e9 comme tout le monde avait debut\u00e9 le Ramadan le m\u00eame jour.  Malheureusement tel n&rsquo;est pas le cas. Les deux commissions existantes ont chacune sortie un communiqu\u00e9 pour communiquer \u00e0 ses adeptes le jour de la Korit\u00e9. La coordination des musulmans du S\u00e9n\u00e9gal a d\u00e9cid\u00e9 de c\u00e9l\u00e9brer la f\u00eate ce vendredi ainsi que d&rsquo;autres communaut\u00e9s religieuses.Par contre, la commission de surveillance du croissant lunaire elle, apr\u00e8s concertation dans les locaux de la cha\u00eene de t\u00e9l\u00e9vision nationale, RTS1, a soutenu que la lune n&rsquo;a \u00e9t\u00e9 aper\u00e7u nulle part. Ce que les familles religieuses ont approuv\u00e9, en d\u00e9cidant de c\u00e9l\u00e9brer la Korit\u00e9 qui marque la fin du mois b\u00e9ni de Ramadan, samedi prochain&#8230;<\/p>\n","protected":false},"excerpt":{"rendered":"<p>Tout le monde pensait que cette ann\u00e9e le S\u00e9n\u00e9gal allait c\u00e9l\u00e9brer l&rsquo;A\u00efd El Fitr dans l&rsquo;unit\u00e9 comme tout le monde<\/p>\n","protected":false},"author":1,"featured_media":9071,"comment_status":"open","ping_status":"open","sticky":false,"template":"","format":"standard","meta":{"footnotes":""},"categories":[6],"tags":[],"class_list":["post-10717","post","type-post","status-publish","format-standard","has-post-thumbnail","hentry","category-politics"],"_links":{"self":[{"href":"https:\/\/dekkbi.com\/index.php?rest_route=\/wp\/v2\/posts\/10717","targetHints":{"allow":["GET"]}}],"collection":[{"href":"https:\/\/dekkbi.com\/index.php?rest_route=\/wp\/v2\/posts"}],"about":[{"href":"https:\/\/dekkbi.com\/index.php?rest_route=\/wp\/v2\/types\/post"}],"author":[{"embeddable":true,"href":"https:\/\/dekkbi.com\/index.php?rest_route=\/wp\/v2\/users\/1"}],"replies":[{"embeddable":true,"href":"https:\/\/dekkbi.com\/index.php?rest_route=%2Fwp%2Fv2%2Fcomments&post=10717"}],"version-history":[{"count":1,"href":"https:\/\/dekkbi.com\/index.php?rest_route=\/wp\/v2\/posts\/10717\/revisions"}],"predecessor-version":[{"id":10718,"href":"https:\/\/dekkbi.com\/index.php?rest_route=\/wp\/v2\/posts\/10717\/revisions\/10718"}],"wp:featuredmedia":[{"embeddable":true,"href":"https:\/\/dekkbi.com\/index.php?rest_route=\/wp\/v2\/media\/9071"}],"wp:attachment":[{"href":"https:\/\/dekkbi.com\/index.php?rest_route=%2Fwp%2Fv2%2Fmedia&parent=10717"}],"wp:term":[{"taxonomy":"category","embeddable":true,"href":"https:\/\/dekkbi.com\/index.php?rest_route=%2Fwp%2Fv2%2Fcategories&post=10717"},{"taxonomy":"post_tag","embeddable":true,"href":"https:\/\/dekkbi.com\/index.php?rest_route=%2Fwp%2Fv2%2Ftags&post=10717"}],"curies":[{"name":"wp","href":"https:\/\/api.w.org\/{rel}","templated":true}]}}