{"id":10715,"date":"2023-04-21T08:36:01","date_gmt":"2023-04-21T08:36:01","guid":{"rendered":"https:\/\/dekkbi.com\/?p=10715"},"modified":"2023-04-21T08:36:02","modified_gmt":"2023-04-21T08:36:02","slug":"presidentielle-2024-karim-wade-le-retour-dexil-a-lepreuve-de-la-sauvegarde-de-lheritage-du-pds","status":"publish","type":"post","link":"https:\/\/dekkbi.com\/?p=10715","title":{"rendered":"Pr\u00e9sidentielle 2024 : Karim Wade, le retour d\u2019exil \u00e0 l\u2019\u00e9preuve de la sauvegarde de l&rsquo;h\u00e9ritage du Pds ?"},"content":{"rendered":"\n<p>\u00c0 dix mois de la date tant attendue, les annonces de candidature se multiplient. Au moment o\u00f9 certains membres de l\u2019opposition ont d\u00e9j\u00e0 annonc\u00e9 leur  candidature en 2024, Karim Wade, lui, semble juste indiquer une piste. En effet, le fils de l\u2019ancien pr\u00e9sident a re\u00e7u le r\u00e9c\u00e9piss\u00e9 sollicitant aupr\u00e8s de la commission une demande d\u2019inscription sur la liste \u00e9lectorale de la commune de Point-E, conform\u00e9ment aux dispositions de l\u2019article L36 du code \u00e9lectoral qui stipule que \u00ab les citoyens s\u00e9n\u00e9galais \u00e9tablis \u00e0 l\u2019\u00e9tranger et immatricul\u00e9s au consulat du S\u00e9n\u00e9gal peuvent sur leur demande, \u00eatre inscrits sur les listes \u00e9lectorales de l\u2019une des communes d\u00e9sign\u00e9es par l\u2019article en question. \u00bb Dans une \u00e9tude plus d\u00e9taill\u00e9e que nous aurons \u00e0 d\u00e9cortiquer et qui pr\u00e9cisera les contours d\u2019une \u00e9ligibilit\u00e9 ou non de Karim Wade, nous pourrons avoir les avis diff\u00e9rents de constitutionnalistes sur la pertinence de cet acte pos\u00e9 par Karim Wade en perspective de la prochaine pr\u00e9sidentielle. Mais pour l\u2019heure nous t\u00e2cherons, dans les lignes qui suivront, de voir comment Karim, une fois parmi les potentiels candidats en 2024, pourrait faire bouger les lignes d\u2019un sch\u00e9ma politique promettant une multitude d\u2019incertitudes ?<\/p>\n\n\n\n<p>L\u2019h\u00e9ritier \u00ab contest\u00e9 \u00bb, mais tenace\u2026<\/p>\n\n\n\n<p>Apr\u00e8s avoir \u00e9t\u00e9 graci\u00e9 par le pr\u00e9sident Macky Sall en 2016, Karim Wade vit au Qatar en exil dans des conditions qu\u2019un bon nombre de s\u00e9n\u00e9galais peinent \u00e0 conna\u00eetre. Cependant, les principaux canaux de communication que le candidat du parti d\u00e9mocratique s\u00e9n\u00e9galais aux prochaines \u00e9lections utilisait sont souvent des communiqu\u00e9s, ou des post via les r\u00e9seaux sociaux et ce, en g\u00e9n\u00e9ral, \u00e0 l\u2019occasion d\u2019\u00e9v\u00e8nements ou dans un contexte assez tendu o\u00f9 il est attendu pour se prononcer.Pour rappel, Karim Wade avait \u00e9t\u00e9 soutenu par son p\u00e8re, secr\u00e9taire g\u00e9n\u00e9ral du PDS, Karim Wade, des militants du parti d\u00e9mocratique s\u00e9n\u00e9galais et des proches pour \u00eatre port\u00e9 \u00e0 la t\u00eate du parti. D\u2019ailleurs, on se rappelle m\u00eame qu&rsquo;en 2019,0Babacar Gaye, le porte-parole du parti avait \u00e9t\u00e9 d\u00e9mis de ses fonctions. Le mois d&rsquo;ao\u00fbt de la m\u00eame ann\u00e9e, Abdoulaye Wade, remanie la direction du parti en \u00e9cartant Oumar Sarr, secr\u00e9taire g\u00e9n\u00e9ral adjoint au profit de Bara Gaye, un proche de Karim Wade. Karim Wade est nomm\u00e9 secr\u00e9taire g\u00e9n\u00e9ral adjoint \u00ab charg\u00e9 de l&rsquo;organisation, de la modernisation et de l&rsquo;\u00e9laboration des strat\u00e9gies politiques. Mais ce contr\u00f4le accru de Karim Wade se fait au d\u00e9triment d&rsquo;autres hommes politiques lib\u00e9raux (dont Oumar Sarr, Babacar Gaye et El Hadj Amadou Sall) qui finissent par s&rsquo;\u00e9loigner du PDS et forment le parti Suqqali Sopi en juillet 2020. D\u2019ailleurs, ces derniers ont rejoint le camp pr\u00e9sidentiel b\u00e9n\u00e9ficiant du poste de ministre des mines et de la g\u00e9ologie dans le gouvernement.Abdoulaye Wade a pu propulser une nouvelle dynamique avec un nouvel organigramme qui sera acquis \u00e0 la cause de Karim. Quelqu\u2019un comme Abdoulaye Racine Kane, son ancien directeur de cabinet, avait \u00e9t\u00e9 d\u00e9sign\u00e9 le tr\u00e9sorier du parti, Toussaint Manga, \u00e0 l\u2019\u00e9poque, d\u00e9put\u00e9 et fid\u00e8le \u00e0 Wade, devient secr\u00e9taire g\u00e9n\u00e9ral adjoint charg\u00e9 des jeunes. Mayoro Faye, secr\u00e9taire national charg\u00e9 de la communication, sera aussi son adjoint. Certains dans le parti et m\u00eame, des op\u00e9rateurs de l\u2019espace politique ont pens\u00e9 qu\u2019\u00e0 part son p\u00e8re, \u00ab aucun responsable du PDS n\u2019a une telle cote de popularit\u00e9 aupr\u00e8s de la population. \u00bb Une notori\u00e9t\u00e9 qu\u2019il doit en grande partie \u00e0 son s\u00e9jour en prison, de 2013 \u00e0 2016, apr\u00e8s un proc\u00e8s d\u00e9cri\u00e9, dont il ressortira avec l\u2019image d\u2019un opposant brim\u00e9. Apr\u00e8s avoir \u0153uvr\u00e9 pour redresser le parti apr\u00e8s la d\u00e9faite de 2012, Karim Wade est le leader incontestable du parti qui porte l\u2019h\u00e9ritage de son p\u00e8re qui est le secr\u00e9taire g\u00e9n\u00e9ral national du parti  <\/p>\n\n\n\n<p><strong>2024, le tournant d\u00e9cisif\u00a0?<\/strong><\/p>\n\n\n\n<p>Wade-fils une victime qui a une revanche personnelle face au r\u00e9gime qui l\u2019a vu traverser plusieurs obstacles. Pour la pr\u00e9sidentielle de 2024, l&rsquo;ancien ministre de la terre et du ciel, (comme il \u00e9tait surnomm\u00e9 il y a 10 ans), \u00ab tant candidat devra se frotter \u00e0 une autre g\u00e9n\u00e9ration d\u2019acteurs politiques. On peut par exemple citer le cas d\u2019Ousmane Sonko qui porte un discours auquel une grande partie de la jeunesse s\u00e9n\u00e9galaise adh\u00e8re. Autant Sonko porte l\u2019espoir de changer le mode de la gouvernance, autant \u00e9galement, Karim Wade a une chance si jamais il remportait la pr\u00e9sidentielle  de 2024 il  ne va pas faire moins que Ousmane Sonko par rapport au r\u00e9gime qu\u2019il aura \u00e0 remplacer. Karim Wade a une carte \u00e0 jouer dans cette prochaine pr\u00e9sidentielle. Il faudra se poser la question de savoir : Est-ce qu\u2019il va pr\u00e9server les acquis du parti d\u00e9mocratique s\u00e9n\u00e9galais tout en apportant un plus ? Si tout l\u2019\u00e9lectorat de Wade reste fid\u00e8le \u00e0 Karim, il aura des chances d\u2019esp\u00e9rer faire mal lors de la prochaine pr\u00e9sidentielle.Autre caract\u00e9ristique du parti d\u00e9mocratique s\u00e9n\u00e9galais et en particulier, de son candidat en 2024, c\u2019est que Karim et ses camarades, ne sont pas tellement m\u00eal\u00e9s dans toutes ces batailles qui existent entre le pouvoir et l\u2019opposition (disons une grande partie de l\u2019opposition qui se radicalise \u00e0 l\u2019image du Pastef).D\u2019ailleurs, on aura remarqu\u00e9 que le sch\u00e9ma qui se met en place, montre d\u00e9j\u00e0 que le parti d\u00e9mocratique s\u00e9n\u00e9galais n\u2019est pas dans le mouvement des forces vives de la nation F24 mise en place r\u00e9cemment pour lutter contre le troisi\u00e8me mandat et qui a vu l\u2019adh\u00e9sion de plusieurs partis, mouvements citoyens etc. Aussi, cette \u00ab radicalisation \u00bb au parlement que plusieurs d\u00e9put\u00e9s de l\u2019opposition expriment, est de loin visible chez les partisans de \u00ab Laye Ndiombor \u00bb (Abdoulaye Wade surnomm\u00e9 le malin par Senghor). Bref, nous constatons, que malgr\u00e9 ces facteurs montrant une posture du Pds assez diff\u00e9rente d\u2019une bonne partie de l\u2019opposition,  Karim Wade peut d\u00e8s lors formuler une offre diff\u00e9rente l\u00e0 o\u00f9 les autres membres de l\u2019opposition pr\u00f4nent une option frontale. Le Pds est un peu en retrait par rapport \u00e0 plusieurs actes pos\u00e9s par l\u2019opposition. Karim Wade ne pourrait-il pas jouer en quelque sorte le r\u00f4le de quelqu\u2019un qui incarne une alternance mod\u00e9r\u00e9e. Il faudra se poser alors la question de savoir  s\u2019il disposera de tout l\u2019\u00e9lectorat du parti et pour \u00eatre plus clair, de tous ceux qui \u00e9taient favorables \u00e0 son p\u00e8re, Abdoulaye Wade ? Envisage-t-il regrouper toutes les forces du Pds d\u2019antan  (y compris ceux qui \u00e9taient frustr\u00e9s) autour de la nouvelle dynamique du parti face \u00e0 l\u2019exigence d\u2019une alternative nouvelle pour remplacer Macky Sall ? Est-ce que Karim Wade sera capable de construire autour du Pds, quelque chose de nouveau ? En tout \u00e9tat de cause, Wade-fils exploite bien son exil, pour le moment dans un contexte politique agit\u00e9 et bourr\u00e9 d\u2019incertitudes.<\/p>\n","protected":false},"excerpt":{"rendered":"<p>\u00c0 dix mois de la date tant attendue, les annonces de candidature se multiplient. Au moment o\u00f9 certains membres de<\/p>\n","protected":false},"author":1,"featured_media":0,"comment_status":"open","ping_status":"open","sticky":false,"template":"","format":"standard","meta":{"footnotes":""},"categories":[6],"tags":[],"class_list":["post-10715","post","type-post","status-publish","format-standard","hentry","category-politics"],"_links":{"self":[{"href":"https:\/\/dekkbi.com\/index.php?rest_route=\/wp\/v2\/posts\/10715","targetHints":{"allow":["GET"]}}],"collection":[{"href":"https:\/\/dekkbi.com\/index.php?rest_route=\/wp\/v2\/posts"}],"about":[{"href":"https:\/\/dekkbi.com\/index.php?rest_route=\/wp\/v2\/types\/post"}],"author":[{"embeddable":true,"href":"https:\/\/dekkbi.com\/index.php?rest_route=\/wp\/v2\/users\/1"}],"replies":[{"embeddable":true,"href":"https:\/\/dekkbi.com\/index.php?rest_route=%2Fwp%2Fv2%2Fcomments&post=10715"}],"version-history":[{"count":1,"href":"https:\/\/dekkbi.com\/index.php?rest_route=\/wp\/v2\/posts\/10715\/revisions"}],"predecessor-version":[{"id":10716,"href":"https:\/\/dekkbi.com\/index.php?rest_route=\/wp\/v2\/posts\/10715\/revisions\/10716"}],"wp:attachment":[{"href":"https:\/\/dekkbi.com\/index.php?rest_route=%2Fwp%2Fv2%2Fmedia&parent=10715"}],"wp:term":[{"taxonomy":"category","embeddable":true,"href":"https:\/\/dekkbi.com\/index.php?rest_route=%2Fwp%2Fv2%2Fcategories&post=10715"},{"taxonomy":"post_tag","embeddable":true,"href":"https:\/\/dekkbi.com\/index.php?rest_route=%2Fwp%2Fv2%2Ftags&post=10715"}],"curies":[{"name":"wp","href":"https:\/\/api.w.org\/{rel}","templated":true}]}}