{"id":10682,"date":"2023-04-20T12:16:48","date_gmt":"2023-04-20T12:16:48","guid":{"rendered":"https:\/\/dekkbi.com\/?p=10682"},"modified":"2023-04-20T12:16:49","modified_gmt":"2023-04-20T12:16:49","slug":"souverainete-pharmaceutique-au-senegal-lasip-donne-les-solutions","status":"publish","type":"post","link":"https:\/\/dekkbi.com\/?p=10682","title":{"rendered":"Souverainet\u00e9 pharmaceutique au S\u00e9n\u00e9gal : l\u2019Asip donne les solutions"},"content":{"rendered":"\n<p><strong>La production pharmaceutique se fait timidement au S\u00e9n\u00e9gal. Des mol\u00e9cules et\u00a0des solut\u00e9s sont fabriqu\u00e9s par des industries\u00a0\u00a0locales pilot\u00e9es par des S\u00e9n\u00e9galais. Seulement,\u00a0\u00a0cette dynamique a besoin d\u2019\u00eatre boost\u00e9 pour prendre son envol et le Chef de l\u2019Etat est interpell\u00e9 pour \u00e9viter une \u00ab<em>disparition de ces industries<\/em>\u00bb. En point de presse hier, mercredi 19 avril 2023, \u00e0 Dakar, l\u2019Association s\u00e9n\u00e9galaise des industries pharmaceutique du S\u00e9n\u00e9gal (ASIP) a donn\u00e9 des pistes de solutions pouvant aider le S\u00e9n\u00e9gal \u00e0 tendre vers la souverainet\u00e9.\u00a0<\/strong><\/p>\n\n\n\n<p><\/p>\n\n\n\n<p>Pour le Dr Abdou Aziz Ciss\u00e9, pr\u00e9sident de l\u2019ASIP, le march\u00e9 pharmaceutique s\u00e9n\u00e9galais repr\u00e9sente 150 milliards de FCFA, en 2019, soit ~1-2% du march\u00e9 africain et pr\u00e8s de 200 milliards en 2021. Ce march\u00e9 est domin\u00e9, selon lui, \u00e0 80% par le secteur priv\u00e9 et 20% par le secteur public.<\/p>\n\n\n\n<p>Avec une importation de plus de 97% des besoins en m\u00e9dicaments, les acteurs dudit secteur ont r\u00e9v\u00e9l\u00e9&nbsp;que&nbsp;\u00ab<em>l\u2019industrie pharmaceutique est fortement tributaire des \u00e9conomies d\u2019\u00e9chelle, n\u00e9cessitant des volumes cibles suffisants pour assurer la comp\u00e9titivit\u00e9 des unit\u00e9s de production. De plus, les r\u00e9glementations contraignantes en mati\u00e8re de qualit\u00e9 et les longs d\u00e9lais de commercialisation en font une industrie particuli\u00e8re<\/em><em>\u00bb<\/em>.<\/p>\n\n\n\n<p>Au S\u00e9n\u00e9gal, elles sont au nombre de six (6) industries,&nbsp;&nbsp;dont l\u2019une est dans sa phase de projet, \u00e0 s\u2019activer dans la production de m\u00e9dicaments. Il s\u2019agit de Medis, Teranga Pharma, Valdafrique, Parentherus et Socafi, entre autres.&nbsp;Pour le Dr Ciss\u00e9, les le\u00e7ons tir\u00e9es de la Covid-19 et la marche vers la souverainet\u00e9 pharmaceutique exigent l\u2019adoption de nouvelles attitudes de la part de l\u2019administration s\u00e9n\u00e9galaise et des acteurs de la sant\u00e9 dont les prescripteurs, pharmaciens d\u2019officine et consommateurs, en donnant la primaut\u00e9 aux produits s\u00e9n\u00e9galais.<\/p>\n\n\n\n<p>\u00ab<em>Cette nouvelle attitude, appel\u00e9e patriotisme \u00e9conomique, permettra la cr\u00e9ation de nouveaux emplois et la consolidation des emplois existants, la diminution des importations et, par ricochet, la diminution de la sortie de devises, la fabrication des produits sociaux \u00e0 faible marge mais n\u00e9cessaires pour la sant\u00e9 des populations, la diminution des ruptures de m\u00e9dicaments, la baisse \u00e0 moyen terme du co\u00fbt des m\u00e9dicaments, la lutte efficace contre la vente illicite des m\u00e9dicaments de la rue. Bref, am\u00e9liorer l\u2019accessibilit\u00e9 financi\u00e8re et g\u00e9ographique sur tout le territoire national<\/em><em>\u00bb<\/em>, a-t-il fait comprendre.<\/p>\n\n\n\n<p><strong>L\u2019ETAT APPELE A REAGIR<\/strong><\/p>\n\n\n\n<p>Pour l\u2019ASIP, en 2017, le S\u00e9n\u00e9gal a connu le d\u00e9part de deux multinationales pharmaceutiques (Pfizer et Sanofi).&nbsp;<em>\u00abSi des mesures fortes et ambitieuses \u00e0 court terme ne sont pas prises par le gouvernement pour le secteur industriel pharmaceutique, les entreprises membres de l\u2019Asip courent tout droit vers la faillite<\/em>\u00bb, a-t-il soulign\u00e9.<\/p>\n\n\n\n<p>Pour \u00e9viter cette catastrophe, les promoteurs de ce secteur interpellent le chef de l\u2019Etat. Ainsi, dans le cadre du Plan d\u2019actions prioritaires ajust\u00e9 et acc\u00e9l\u00e9r\u00e9 (PAP2A) du Plan S\u00e9n\u00e9gal Emergent (PSE),&nbsp;&nbsp;l\u2019ASIP renseigne que le d\u00e9veloppement de l\u2019industrie pharmaceutique a \u00e9t\u00e9 identifi\u00e9 comme une des priorit\u00e9s du gouvernement.&nbsp;<em>\u00abLe Bureau Op\u00e9rationnel de Suivi du PSE a initi\u00e9 et mis en \u0153uvre le concept \u00abLab-Pharma\u00bb, qui a abouti \u00e0 l\u2019\u00e9laboration des \u00e9l\u00e9ments d\u2019op\u00e9rationnalisation du plan de relance de l\u2019industrie pharmaceutique. Les r\u00e9sultats obtenus dans la mise en \u0153uvre des recommandations du Lab-Pharma ne sont pas encore \u00e0 la hauteur des attentes des membres de l\u2019ASIP qui constituent les acteurs cl\u00e9s pour l\u2019atteinte de l\u2019objectif de la souverainet\u00e9 pharmaceutique du S\u00e9n\u00e9gal \u00e0 l\u2019horizon 2035<\/em>\u00bb, a d\u00e9clar\u00e9 Dr Ciss\u00e9.<\/p>\n\n\n\n<p>Et de poursuivre&nbsp;: \u00ab<em>un an et demi apr\u00e8s le \u00abLab-Pharma\u00bb, nos industries locales ne se portent pas mieux. Aussi, aucun nouveau projet priv\u00e9 n\u2019a encore vu le jour, except\u00e9 le \u00abprojet Madiba\u00bb de l\u2019Institut Pasteur et la cr\u00e9ation de l\u2019Agence S\u00e9n\u00e9galaise de R\u00e9glementation Pharmaceutique (ARP<\/em>)<em>\u00bb<\/em>.<\/p>\n\n\n\n<p><strong>DES PISTES DE SOLUTIONS<\/strong><\/p>\n\n\n\n<p>Selon le pr\u00e9sident de l\u2019ASIP, l\u2019atteinte des objectifs de souverainet\u00e9 pharmaceutique passera obligatoirement par la revitalisation des unit\u00e9s pharmaceutiques existantes actuelles qui sont en grande souffrance.&nbsp;Parmi les mesures urgentes de sauvetage attendues par l\u2019ASIP, d\u2019ici le mois de juin, les initiateurs de cette rencontre ont cit\u00e9 la mise en place d\u2019un Syst\u00e8me de r\u00e9gulation des importations et des activit\u00e9s de production locale de m\u00e9dicaments appel\u00e9&nbsp;<em>\u00abSyst\u00e8me de corr\u00e9lation\u00bb.<\/em>&nbsp;Ils ont aussi demand\u00e9 \u00e0 l\u2019Etat d\u2019\u00e9tablir un arr\u00eat\u00e9 interminist\u00e9riel autorisant la Pharmacie nationale d\u2019approvisionnement (PNA) \u00e0 contracter directement avec l\u2019industrie locale, pour permettre une application efficiente du d\u00e9cret 2022-2295 du 28 d\u00e9cembre 2022 portant nouveau Code des march\u00e9s.<\/p>\n\n\n\n<p>Pour am\u00e9liorer la comp\u00e9titivit\u00e9 des unit\u00e9s existantes et permettre l\u2019arriv\u00e9e de nouveaux acteurs nationaux et internationaux, l\u2019association a sollicit\u00e9 des mesures d\u2019accompagnement de l\u2019Etat, pour l\u2019\u00e9tablissement entre les industriels locaux et la PNA de conventions quinquennales pouvant garantir des march\u00e9s justifiant les investissements dans l\u2019outil de production et d\u00e9velopper l\u2019emploi.&nbsp;<em>\u00abDans le cadre de l\u2019Appel d\u2019offres international de la PNA, tout acteur industriel d\u2019origine \u00e9trang\u00e8re qui gagne une ligne sup\u00e9rieure ou \u00e9gale \u00e0 500 millions FCFA doit s\u2019appuyer sur un industriel local pour effectuer au moins l\u2019op\u00e9ration de conditionnement secondaire\u00bb<\/em>, a soulign\u00e9 Dr Ciss\u00e9.<\/p>\n\n\n\n<p>Ils ont, en outre, demand\u00e9 \u00e0 disposer, au sein de l\u2019Agence de r\u00e9gulation pharmaceutique (ARP), d\u2019une Commission sp\u00e9ciale pour les demandes d\u2019Autorisation de Mise sur le March\u00e9 (AMM) pour les fabricants locaux, l\u2019octroi par l\u2019ARP d\u2019une AMM bis pour les produits techniquement d\u00e9j\u00e0 \u00e9valu\u00e9s, d\u2019accorder aux industries locales le statut d\u2019entreprise d\u00e9fiscalis\u00e9e pour une p\u00e9riode de 10 ans pour leur permettre d\u2019\u00eatre viables et comp\u00e9titives, condition essentielle pour r\u00e9ussir la souverainet\u00e9 pharmaceutique, mais aussi la signature d\u2019un arr\u00eat\u00e9 ou d\u2019une autorisation sp\u00e9ciale permettant l\u2019exercice de la distribution en gros \u00e0 l\u2019import et \u00e0 l\u2019export des produits pharmaceutiques, l\u2019exon\u00e9ration totale de la TVA sur les investissements et les services, la mise en place d\u2019une ligne de garantie sp\u00e9cifique au niveau du FONGIP, pour le secteur de l\u2019industrie pharmaceutique, en vue du financement du renforcement de leur capacit\u00e9 de production.<\/p>\n\n\n\n<p><strong>Denise ZAROUR MEDANG<\/strong><\/p>\n\n\n\n<p>LESOLEIL<\/p>\n","protected":false},"excerpt":{"rendered":"<p>La production pharmaceutique se fait timidement au S\u00e9n\u00e9gal. Des mol\u00e9cules et\u00a0des solut\u00e9s sont fabriqu\u00e9s par des industries\u00a0\u00a0locales pilot\u00e9es par des<\/p>\n","protected":false},"author":1,"featured_media":10683,"comment_status":"open","ping_status":"open","sticky":false,"template":"","format":"standard","meta":{"footnotes":""},"categories":[3],"tags":[],"class_list":["post-10682","post","type-post","status-publish","format-standard","has-post-thumbnail","hentry","category-event-more-news"],"_links":{"self":[{"href":"https:\/\/dekkbi.com\/index.php?rest_route=\/wp\/v2\/posts\/10682","targetHints":{"allow":["GET"]}}],"collection":[{"href":"https:\/\/dekkbi.com\/index.php?rest_route=\/wp\/v2\/posts"}],"about":[{"href":"https:\/\/dekkbi.com\/index.php?rest_route=\/wp\/v2\/types\/post"}],"author":[{"embeddable":true,"href":"https:\/\/dekkbi.com\/index.php?rest_route=\/wp\/v2\/users\/1"}],"replies":[{"embeddable":true,"href":"https:\/\/dekkbi.com\/index.php?rest_route=%2Fwp%2Fv2%2Fcomments&post=10682"}],"version-history":[{"count":1,"href":"https:\/\/dekkbi.com\/index.php?rest_route=\/wp\/v2\/posts\/10682\/revisions"}],"predecessor-version":[{"id":10684,"href":"https:\/\/dekkbi.com\/index.php?rest_route=\/wp\/v2\/posts\/10682\/revisions\/10684"}],"wp:featuredmedia":[{"embeddable":true,"href":"https:\/\/dekkbi.com\/index.php?rest_route=\/wp\/v2\/media\/10683"}],"wp:attachment":[{"href":"https:\/\/dekkbi.com\/index.php?rest_route=%2Fwp%2Fv2%2Fmedia&parent=10682"}],"wp:term":[{"taxonomy":"category","embeddable":true,"href":"https:\/\/dekkbi.com\/index.php?rest_route=%2Fwp%2Fv2%2Fcategories&post=10682"},{"taxonomy":"post_tag","embeddable":true,"href":"https:\/\/dekkbi.com\/index.php?rest_route=%2Fwp%2Fv2%2Ftags&post=10682"}],"curies":[{"name":"wp","href":"https:\/\/api.w.org\/{rel}","templated":true}]}}