{"id":10660,"date":"2023-04-20T10:44:44","date_gmt":"2023-04-20T10:44:44","guid":{"rendered":"https:\/\/dekkbi.com\/?p=10660"},"modified":"2023-04-20T11:15:17","modified_gmt":"2023-04-20T11:15:17","slug":"psychose-des-inondations-nous-voulons-beneficier-des-milliards-consacres-aux-inondations-martelent-les-habitants-de-thiaroye-azur","status":"publish","type":"post","link":"https:\/\/dekkbi.com\/?p=10660","title":{"rendered":"Psychose des inondations"},"content":{"rendered":"\n<h3 class=\"wp-block-heading\">\u00abNous voulons b\u00e9n\u00e9ficier des milliards consacr\u00e9s aux inondations\u00bb, mart\u00e8lent les habitants de Thiaroye-Azur<\/h3>\n\n\n\n<h3 class=\"wp-block-heading\">Les cit\u00e9s Socabeg, Omar Faye, Dpv se trouvent \u00e0 Thiaroye Azur, dans la commune de Thiaroye sur mer, d\u00e9partement de Pikine. Mais \u00e0 quelques mois du d\u00e9but de l\u2019hivernage, les habitants de ces cit\u00e9s ne dorment plus \u00e0 poing ferm\u00e9. Ils sont hant\u00e9s par la psychose des inondations. Ils ont tenu une assembl\u00e9e g\u00e9n\u00e9rale ordinaire, assortie d\u2019une d\u00e9claration de presse pour faire montre de leurs inqui\u00e9tudes.<\/h3>\n\n\n\n<p>\u00ab(\u2026) Nous ne savons plus o\u00f9 donner de la t\u00eate, ni \u00e0 qui s\u2019adresser pour r\u00e9soudre nos probl\u00e8mes d\u2019inondation et d\u2019assainissement\u00bb, mart\u00e8le Amath Ciss\u00e9, porte-parole de l\u2019Amicale des R\u00e9sidents des Cit\u00e9s Socabeg-Omar Faye-Dpv de Thiaroye-Azur (Arcsta). Rouges de col\u00e8re comme les brassards rouges qu\u2019ils ont arbor\u00e9s, ils soutiennent qu\u2019ils ont frapp\u00e9 \u00e0 de nombreuses portes, mais rien n\u2019est fait.<\/p>\n\n\n\n<p>\u00abNous avons tap\u00e9 \u00e0 toutes les portes, mais rien n\u2019est fait pour notre cit\u00e9. On a \u00e9t\u00e9 re\u00e7us \u00e0 l\u2019Onas, mais rien de concret. On a \u00e9t\u00e9 re\u00e7us \u00e0 la Dpgi qui s\u2019occupe des inondations, mais rien. On a demand\u00e9 rendez-vous au ministre charg\u00e9 des Inondations, Issakha Diop, mais on ne peut pas le voir jusqu\u2019\u00e0 pr\u00e9sent. \u00bb<\/p>\n\n\n\n<p>\u00ab \u00c0 cause des eaux, nous ne pouvons pas sortir de chez nous pendant l\u2019hivernage. \u00c0 cause des eaux, nous ne recevons plus de visites de nos parents, pendant l\u2019hivernage. Les routes sont devenues impraticables et les fosses septiques d\u00e9bordent \u00e0 cause de la nappe phr\u00e9atique qui affleure\u00bb, pestent les habitants des cit\u00e9s Socabeg, Omar et Dpv<\/p>\n\n\n\n<p>\u00abRien ne bouge \u00e0 Thiaroye azur alors que l\u2019hivernage \u00e0 l\u2019horizon\u00bb<\/p>\n\n\n\n<p>Dans cette partie de la Banlieue de Dakar, l\u2019inqui\u00e9tude monte, la psychose des inondations plane, les populations sont d\u00e9boussol\u00e9es. Elles interpellent le Pr\u00e9sident Macky Sall, le Premier ministre Amadou B\u00e2, le ministre de l\u2019Eau et de l\u2019assainissement, Serigne Mbaye Thiam, le ministre Issakha Diop.<\/p>\n\n\n\n<p>\u00abNous leur disons que la saison des pluies, c\u2019est dans 3 mois, mais rien n\u2019est encore fait pour nous. Au m\u00eame moment, on voit \u00e0 la t\u00e9l\u00e9vision et on entend sur les ondes de radio que l\u2019Onas et l\u2019\u00c9tat d\u00e9roulent des programmes et effectuent des op\u00e9rations pr\u00e9-hivernales. Vous comprenez donc toute notre frustration, car ici, \u00e0 Thiaroye Azur, cit\u00e9 Socabeg, rien ne bouge\u00bb, s\u2019indignent les habitants.<\/p>\n\n\n\n<p><br>Tribune<\/p>\n","protected":false},"excerpt":{"rendered":"<p>\u00abNous voulons b\u00e9n\u00e9ficier des milliards consacr\u00e9s aux inondations\u00bb, mart\u00e8lent les habitants de Thiaroye-Azur Les cit\u00e9s Socabeg, Omar Faye, Dpv se<\/p>\n","protected":false},"author":1,"featured_media":10661,"comment_status":"open","ping_status":"open","sticky":false,"template":"","format":"standard","meta":{"footnotes":""},"categories":[21],"tags":[],"class_list":["post-10660","post","type-post","status-publish","format-standard","has-post-thumbnail","hentry","category-societe"],"_links":{"self":[{"href":"https:\/\/dekkbi.com\/index.php?rest_route=\/wp\/v2\/posts\/10660","targetHints":{"allow":["GET"]}}],"collection":[{"href":"https:\/\/dekkbi.com\/index.php?rest_route=\/wp\/v2\/posts"}],"about":[{"href":"https:\/\/dekkbi.com\/index.php?rest_route=\/wp\/v2\/types\/post"}],"author":[{"embeddable":true,"href":"https:\/\/dekkbi.com\/index.php?rest_route=\/wp\/v2\/users\/1"}],"replies":[{"embeddable":true,"href":"https:\/\/dekkbi.com\/index.php?rest_route=%2Fwp%2Fv2%2Fcomments&post=10660"}],"version-history":[{"count":2,"href":"https:\/\/dekkbi.com\/index.php?rest_route=\/wp\/v2\/posts\/10660\/revisions"}],"predecessor-version":[{"id":10673,"href":"https:\/\/dekkbi.com\/index.php?rest_route=\/wp\/v2\/posts\/10660\/revisions\/10673"}],"wp:featuredmedia":[{"embeddable":true,"href":"https:\/\/dekkbi.com\/index.php?rest_route=\/wp\/v2\/media\/10661"}],"wp:attachment":[{"href":"https:\/\/dekkbi.com\/index.php?rest_route=%2Fwp%2Fv2%2Fmedia&parent=10660"}],"wp:term":[{"taxonomy":"category","embeddable":true,"href":"https:\/\/dekkbi.com\/index.php?rest_route=%2Fwp%2Fv2%2Fcategories&post=10660"},{"taxonomy":"post_tag","embeddable":true,"href":"https:\/\/dekkbi.com\/index.php?rest_route=%2Fwp%2Fv2%2Ftags&post=10660"}],"curies":[{"name":"wp","href":"https:\/\/api.w.org\/{rel}","templated":true}]}}