{"id":10642,"date":"2023-04-20T10:07:47","date_gmt":"2023-04-20T10:07:47","guid":{"rendered":"https:\/\/dekkbi.com\/?p=10642"},"modified":"2023-04-20T10:07:49","modified_gmt":"2023-04-20T10:07:49","slug":"abdourahmane-diouf-dezingue-la-candidature-de-idy-cest-celle-dun-monde-qui-seteint","status":"publish","type":"post","link":"https:\/\/dekkbi.com\/?p=10642","title":{"rendered":"Abdourahmane Diouf d\u00e9zingue la candidature de Idy: \u00ab\u00a0C&rsquo;est celle d&rsquo;un monde qui s&rsquo;\u00e9teint&#8230;"},"content":{"rendered":"\n<p>Ex-num\u00e9ro deux de Rewmi, Abdourahmane Diouf, qui est aujourd\u2019hui pr\u00e9sident de Awal\u00e9, n\u2019est pas du tout tendre avec Idrissa Seck. dans les colonnes de L\u2019Observateur, il a d\u00e9clar\u00e9 que l\u2019ex maire de Thi\u00e8s et Macky Sall incarnent le pass\u00e9.<\/p>\n\n\n\n<p>\u00abLa candidature de Idrissa Seck est celle d&rsquo;un monde ancien qui se consume et qui est en train de s&rsquo;\u00e9teindre. Macky Sall et Idrissa Seck risquent d&rsquo;incarner un soleil qui se couche aux yeux des S\u00e9n\u00e9galais, au moment o\u00f9 les r\u00e9alit\u00e9s du monde moderne appellent d&rsquo;autres profils qui, eux, incarnent un soleil qui se l\u00e8ve.<br><br>Entre le soleil qui se couche et celui qui se l\u00e8ve, dans les perspectives qui s&rsquo;offrent au S\u00e9n\u00e9gal actuellement, je pense que ce sont les profils du soleil qui se l\u00e8ve qui doivent avoir la priorit\u00e9 des S\u00e9n\u00e9galais. Dans tous les cas, Idrissa et Macky sont au pouvoir depuis au moins 25 ans, sans faire bouger les lignes et il est temps que tous les deux passent la main.<br><br>Je n&rsquo;ai jamais eu la volont\u00e9 d&rsquo;\u00eatre un h\u00e9ritier et je ne me suis jamais positionn\u00e9 comme h\u00e9ritier. Je regarde devant pour proposer un S\u00e9n\u00e9gal meilleur. Idy comme Macky appartiennent \u00e0 la vie politique s\u00e9n\u00e9galaise du pass\u00e9.\u00bb<\/p>\n","protected":false},"excerpt":{"rendered":"<p>Ex-num\u00e9ro deux de Rewmi, Abdourahmane Diouf, qui est aujourd\u2019hui pr\u00e9sident de Awal\u00e9, n\u2019est pas du tout tendre avec Idrissa Seck.<\/p>\n","protected":false},"author":1,"featured_media":10643,"comment_status":"open","ping_status":"open","sticky":false,"template":"","format":"standard","meta":{"footnotes":""},"categories":[6],"tags":[],"class_list":["post-10642","post","type-post","status-publish","format-standard","has-post-thumbnail","hentry","category-politics"],"_links":{"self":[{"href":"https:\/\/dekkbi.com\/index.php?rest_route=\/wp\/v2\/posts\/10642","targetHints":{"allow":["GET"]}}],"collection":[{"href":"https:\/\/dekkbi.com\/index.php?rest_route=\/wp\/v2\/posts"}],"about":[{"href":"https:\/\/dekkbi.com\/index.php?rest_route=\/wp\/v2\/types\/post"}],"author":[{"embeddable":true,"href":"https:\/\/dekkbi.com\/index.php?rest_route=\/wp\/v2\/users\/1"}],"replies":[{"embeddable":true,"href":"https:\/\/dekkbi.com\/index.php?rest_route=%2Fwp%2Fv2%2Fcomments&post=10642"}],"version-history":[{"count":1,"href":"https:\/\/dekkbi.com\/index.php?rest_route=\/wp\/v2\/posts\/10642\/revisions"}],"predecessor-version":[{"id":10644,"href":"https:\/\/dekkbi.com\/index.php?rest_route=\/wp\/v2\/posts\/10642\/revisions\/10644"}],"wp:featuredmedia":[{"embeddable":true,"href":"https:\/\/dekkbi.com\/index.php?rest_route=\/wp\/v2\/media\/10643"}],"wp:attachment":[{"href":"https:\/\/dekkbi.com\/index.php?rest_route=%2Fwp%2Fv2%2Fmedia&parent=10642"}],"wp:term":[{"taxonomy":"category","embeddable":true,"href":"https:\/\/dekkbi.com\/index.php?rest_route=%2Fwp%2Fv2%2Fcategories&post=10642"},{"taxonomy":"post_tag","embeddable":true,"href":"https:\/\/dekkbi.com\/index.php?rest_route=%2Fwp%2Fv2%2Ftags&post=10642"}],"curies":[{"name":"wp","href":"https:\/\/api.w.org\/{rel}","templated":true}]}}