{"id":10607,"date":"2023-04-19T12:54:10","date_gmt":"2023-04-19T12:54:10","guid":{"rendered":"https:\/\/dekkbi.com\/?p=10607"},"modified":"2023-04-19T12:54:10","modified_gmt":"2023-04-19T12:54:10","slug":"necrologie-limam-ratib-de-la-mosquee-soninke-pr-abdoulaye-ba-nest-plus","status":"publish","type":"post","link":"https:\/\/dekkbi.com\/?p=10607","title":{"rendered":"N\u00e9crologie- L\u2019Imam Ratib de la Mosqu\u00e9e Sonink\u00e9, Pr Abdoulaye B\u00e2 n\u2019est plus"},"content":{"rendered":"\n<p>La communaut\u00e9 Sonink\u00e9 en deuil. L\u2019Imam Ratib de la Grande Mosqu\u00e9e Sonink\u00e9 de Dakar, le Pr Abdoulaye B\u00e2 n\u2019est plus. Il est d\u00e9c\u00e9d\u00e9 ce mercredi en France des suites d\u2019une longue maladie.<\/p>\n\n\n\n<p>Abdoulaye B\u00e2, \u00e9tait professeur \u00e0 la retraite, ancien charg\u00e9 de cours au d\u00e9partement arabe de l\u2019Universit\u00e9 Cheikh Anta Diop de Dakar (UCAD), \u00a0il a enseign\u00e9, entre autres, au Lyc\u00e9e Blaise Diagne et \u00e0 l\u2019Institut islamique de Dakar. \u00a0Il fait partie des membres fondateurs \u00a0du Centre islamique pour l\u2019Appel au Coran et \u00e0 la Sunnah, commun\u00e9ment appel\u00e9 mosqu\u00e9e sonink\u00e9 dont il est l\u2019imam ratib et le Secr\u00e9taire g\u00e9n\u00e9ral.<\/p>\n\n\n\n<p>Il a \u00e9t\u00e9 un \u00e9l\u00e9ment tr\u00e8s actif &nbsp;de l\u2019Union des volontaires &nbsp;pour l\u2019\u00e9ducation et la culture islamique &nbsp;qui s\u2019est beaucoup investi dans l\u2019\u00e9ducation. Le professeur B\u00e2 a \u00e9t\u00e9 aussi membre de la commission nationale du p\u00e8lerinage aux lieux saints de l\u2019islam pendant 25 ans. L\u2019\u00e9migration, un choix de vie pour beaucoup de Sonink\u00e9, Monsieur B\u00e2 l\u2019a tent\u00e9e en France.<\/p>\n\n\n\n<p>Il est rest\u00e9 juste deux ans, le temps d\u2019avoir les moyens pour sa formation intellectuelle. Il a entam\u00e9 &nbsp;ses \u00e9tudes chez son p\u00e8re \u00e0 Diawara, dans le d\u00e9partement de Bakel, avant de les poursuivre en Egypte o\u00f9 il a d\u00e9croch\u00e9 la Licence. A son retour au S\u00e9n\u00e9gal, il a suivi une formation p\u00e9dagogique \u00e0 l\u2019UCAD et \u00e0 l\u2019Ecole normale sup\u00e9rieur (ENS).<\/p>\n\n\n\n<p>Abdoulaye B\u00e2 \u00a0a anim\u00e9 des centaines de conf\u00e9rences au S\u00e9n\u00e9gal et dans le monde. \u00a0R\u00e9cemment, il a \u00e9t\u00e9 \u00a0distingu\u00e9, par l\u2019Acad\u00e9mie royale de la Jordanie, en compagnie de deux autres personnalit\u00e9s, pour la qualit\u00e9 de leurs travaux \u00a0pr\u00e9sent\u00e9s \u00e0 la conf\u00e9rence annuelle de ladite instance. Au d\u00e9part, une cinquantaine de personnes de plusieurs \u00a0nationalit\u00e9s \u00e9taient retenues \u00a0pour ce d\u00e9fi intellectuel, le Professeur B\u00e2 \u00e9tait le seul Noir \u00e9crivait Sonink\u00e9Tv .<\/p>\n\n\n\n<p>Source &#8211; iGFM<\/p>\n","protected":false},"excerpt":{"rendered":"<p>La communaut\u00e9 Sonink\u00e9 en deuil. L\u2019Imam Ratib de la Grande Mosqu\u00e9e Sonink\u00e9 de Dakar, le Pr Abdoulaye B\u00e2 n\u2019est plus.<\/p>\n","protected":false},"author":1,"featured_media":10608,"comment_status":"open","ping_status":"open","sticky":false,"template":"","format":"standard","meta":{"footnotes":""},"categories":[26],"tags":[],"class_list":["post-10607","post","type-post","status-publish","format-standard","has-post-thumbnail","hentry","category-fait-divers"],"_links":{"self":[{"href":"https:\/\/dekkbi.com\/index.php?rest_route=\/wp\/v2\/posts\/10607","targetHints":{"allow":["GET"]}}],"collection":[{"href":"https:\/\/dekkbi.com\/index.php?rest_route=\/wp\/v2\/posts"}],"about":[{"href":"https:\/\/dekkbi.com\/index.php?rest_route=\/wp\/v2\/types\/post"}],"author":[{"embeddable":true,"href":"https:\/\/dekkbi.com\/index.php?rest_route=\/wp\/v2\/users\/1"}],"replies":[{"embeddable":true,"href":"https:\/\/dekkbi.com\/index.php?rest_route=%2Fwp%2Fv2%2Fcomments&post=10607"}],"version-history":[{"count":1,"href":"https:\/\/dekkbi.com\/index.php?rest_route=\/wp\/v2\/posts\/10607\/revisions"}],"predecessor-version":[{"id":10609,"href":"https:\/\/dekkbi.com\/index.php?rest_route=\/wp\/v2\/posts\/10607\/revisions\/10609"}],"wp:featuredmedia":[{"embeddable":true,"href":"https:\/\/dekkbi.com\/index.php?rest_route=\/wp\/v2\/media\/10608"}],"wp:attachment":[{"href":"https:\/\/dekkbi.com\/index.php?rest_route=%2Fwp%2Fv2%2Fmedia&parent=10607"}],"wp:term":[{"taxonomy":"category","embeddable":true,"href":"https:\/\/dekkbi.com\/index.php?rest_route=%2Fwp%2Fv2%2Fcategories&post=10607"},{"taxonomy":"post_tag","embeddable":true,"href":"https:\/\/dekkbi.com\/index.php?rest_route=%2Fwp%2Fv2%2Ftags&post=10607"}],"curies":[{"name":"wp","href":"https:\/\/api.w.org\/{rel}","templated":true}]}}