{"id":10588,"date":"2023-04-19T11:05:03","date_gmt":"2023-04-19T11:05:03","guid":{"rendered":"https:\/\/dekkbi.com\/?p=10588"},"modified":"2023-04-19T11:05:04","modified_gmt":"2023-04-19T11:05:04","slug":"benin-le-president-talon-remanie-son-gouvernement","status":"publish","type":"post","link":"https:\/\/dekkbi.com\/?p=10588","title":{"rendered":"B\u00e9nin: Le Pr\u00e9sident Talon Remanie Son Gouvernement\u00a0!"},"content":{"rendered":"\n<p><strong>Le pr\u00e9sident Patrice Talon a remani\u00e9 son gouvernement. Il s\u2019est s\u00e9par\u00e9 du Garde des sceaux, un de ses proches qui a g\u00e9r\u00e9 les dossiers sensibles de poursuites post \u00e9lections de 2019 et de 2021.\u00a0 Deux autres ministres, celui de l\u2019\u00c9nergie et celui des Transports ont \u00e9t\u00e9 remerci\u00e9s.<\/strong><\/p>\n\n\n\n<p>La sortie du ministre de la Justice \u00e9tait attendue, depuis la semaine derni\u00e8re. La presse et les r\u00e9seaux sociaux avaient donn\u00e9 l\u2019alerte sur son limogeage. Samedi, Patrice Talon expliquait \u00e0 la presse qu\u2019il fallait attendre un acte officiel pour confirmer son d\u00e9part. Il a pris le d\u00e9cret juste apr\u00e8s le d\u00e9part du pr\u00e9sident rwandais, Paul Kagame, en visite au B\u00e9nin.<\/p>\n\n\n\n<p>S\u00e9v\u00e9rin Quenum, proche et fid\u00e8le des fid\u00e8les, est ainsi remplac\u00e9 par l\u2019avocat Yvon Detchenou, ancien b\u00e2tonnier. Le d\u00e9part de S\u00e9verin Quenum est une surprise. Le pr\u00e9sident remanie, en effet, rarement son \u00e9quipe. \u00ab On ne change pas une \u00e9quipe qui gagne \u00bb, dit-il souvent.<\/p>\n\n\n\n<p>L\u2019\u00e9quipe gagnante a perdu trois joueurs dont le Garde des sceaux qui \u00e9tait la voix de son maitre. Il assumait aussi ses actes, m\u00eame quand les avocats des opposants de Madougou et Aivo le critiquaient. Les raisons de son d\u00e9part ne sont pas \u00e9voqu\u00e9es.<\/p>\n\n\n\n<p>L\u2019autre surprise est le d\u00e9part du ministre de l\u2019\u00c9nergie, ancien haut fonctionnaire d\u2019\u00e9lectricit\u00e9 de France. Il pilote, depuis 2016, les r\u00e9formes du secteur. Patrice Talon a nomm\u00e9, \u00e0 sa place, un de ses collaborateurs comme secr\u00e9taire d\u2019\u00c9tat.<\/p>\n\n\n\n<p>Source &#8211; lasnews<\/p>\n","protected":false},"excerpt":{"rendered":"<p>Le pr\u00e9sident Patrice Talon a remani\u00e9 son gouvernement. Il s\u2019est s\u00e9par\u00e9 du Garde des sceaux, un de ses proches qui<\/p>\n","protected":false},"author":1,"featured_media":10589,"comment_status":"open","ping_status":"open","sticky":false,"template":"","format":"standard","meta":{"footnotes":""},"categories":[51],"tags":[],"class_list":["post-10588","post","type-post","status-publish","format-standard","has-post-thumbnail","hentry","category-general"],"_links":{"self":[{"href":"https:\/\/dekkbi.com\/index.php?rest_route=\/wp\/v2\/posts\/10588","targetHints":{"allow":["GET"]}}],"collection":[{"href":"https:\/\/dekkbi.com\/index.php?rest_route=\/wp\/v2\/posts"}],"about":[{"href":"https:\/\/dekkbi.com\/index.php?rest_route=\/wp\/v2\/types\/post"}],"author":[{"embeddable":true,"href":"https:\/\/dekkbi.com\/index.php?rest_route=\/wp\/v2\/users\/1"}],"replies":[{"embeddable":true,"href":"https:\/\/dekkbi.com\/index.php?rest_route=%2Fwp%2Fv2%2Fcomments&post=10588"}],"version-history":[{"count":1,"href":"https:\/\/dekkbi.com\/index.php?rest_route=\/wp\/v2\/posts\/10588\/revisions"}],"predecessor-version":[{"id":10590,"href":"https:\/\/dekkbi.com\/index.php?rest_route=\/wp\/v2\/posts\/10588\/revisions\/10590"}],"wp:featuredmedia":[{"embeddable":true,"href":"https:\/\/dekkbi.com\/index.php?rest_route=\/wp\/v2\/media\/10589"}],"wp:attachment":[{"href":"https:\/\/dekkbi.com\/index.php?rest_route=%2Fwp%2Fv2%2Fmedia&parent=10588"}],"wp:term":[{"taxonomy":"category","embeddable":true,"href":"https:\/\/dekkbi.com\/index.php?rest_route=%2Fwp%2Fv2%2Fcategories&post=10588"},{"taxonomy":"post_tag","embeddable":true,"href":"https:\/\/dekkbi.com\/index.php?rest_route=%2Fwp%2Fv2%2Ftags&post=10588"}],"curies":[{"name":"wp","href":"https:\/\/api.w.org\/{rel}","templated":true}]}}