{"id":10538,"date":"2023-04-18T15:35:48","date_gmt":"2023-04-18T15:35:48","guid":{"rendered":"https:\/\/dekkbi.com\/?p=10538"},"modified":"2023-04-18T15:35:49","modified_gmt":"2023-04-18T15:35:49","slug":"scandale-arbitral-le-president-du-barca-nie-toute-tentative-de-tricherie","status":"publish","type":"post","link":"https:\/\/dekkbi.com\/?p=10538","title":{"rendered":"Scandale arbitral: le pr\u00e9sident du Bar\u00e7a nie toute tentative de tricherie"},"content":{"rendered":"\n<h1 class=\"wp-block-heading has-medium-font-size\"><a href=\"https:\/\/www.addthis.com\/bookmark.php?v=300\"><\/a><a href=\"https:\/\/www.addthis.com\/bookmark.php?v=300\"><\/a><a rel=\"noreferrer noopener\" href=\"https:\/\/www.addthis.com\/bookmark.php?v=300\" target=\"_blank\"><\/a><a rel=\"noreferrer noopener\" href=\"https:\/\/www.addthis.com\/bookmark.php?v=300\" target=\"_blank\"><\/a>Convoquant la presse pour la premi\u00e8re fois depuis l&rsquo;inculpation du club dans un scandale arbitral, le pr\u00e9sident du FC Barcelone, Joan Laporta, a ni\u00e9 lundi toute tentative de tricherie de la part du club, d\u00e9non\u00e7ant une \u00ab\u00a0campagne de d\u00e9nigrement\u00a0\u00bb.<\/h1>\n\n\n\n<p>Le Bar\u00e7a \u00ab\u00a0n&rsquo;a jamais men\u00e9 d&rsquo;action ayant pour objectif final ou pour intention de modifier la comp\u00e9tition en vue d&rsquo;obtenir un quelconque avantage sportif\u00a0\u00bb, a d\u00e9clar\u00e9 M. Laporta face aux journalistes au si\u00e8ge du club catalan.<\/p>\n\n\n\n<p>\u00ab\u00a0Je vous invite \u00e0 me dire quel but, quel match, quelle action suspecte\u00a0\u00bb pourrait avoir \u00e9t\u00e9 le fruit d&rsquo;une tentative de truquage et \u00ab\u00a0\u00e0 quel moment il y a eu un avantage arbitral\u00a0\u00bb au b\u00e9n\u00e9fice du FC Barcelone, a insist\u00e9 le pr\u00e9sident du club blaugrana, offensif face aux accusations visant le Bar\u00e7a.<\/p>\n\n\n\n<p>Le FC Barcelone est dans la tourmente depuis la r\u00e9v\u00e9lation d\u00e9but f\u00e9vrier par des m\u00e9dias espagnols de versements d&rsquo;argent suspects effectu\u00e9s vers des entreprises d\u00e9tenues par l&rsquo;ancien N\u00b02 de l&rsquo;arbitrage espagnol, Jos\u00e9 Maria Enriquez Negreira.<\/p>\n\n\n\n<p>Ces r\u00e9v\u00e9lations ont conduit la justice espagnole \u00e0 inculper mi-mars le club catalan et ses anciens pr\u00e9sidents Josep Maria Bartomeu (2014-2020) et Sandro Rosell (2010-2014) pour \u00ab\u00a0corruption entre particuliers dans le secteur sportif\u00a0\u00bb, \u00ab\u00a0abus de confiance\u00a0\u00bb et \u00ab\u00a0faux en \u00e9critures de commerce\u00a0\u00bb.<\/p>\n\n\n\n<p>&#8211; 7,3 millions d&rsquo;euros &#8211;<\/p>\n\n\n\n<p>D&rsquo;apr\u00e8s le parquet, le club catalan aurait vers\u00e9 plus de 7,3 millions d&rsquo;euros \u00e0 M. Negreira entre 2001 et 2018, en \u00e9change de conseils sur des questions arbitrales &#8211; des paiements qui auraient \u00e9t\u00e9 interrompus quand M. Negreira a quitt\u00e9 ses fonctions au sein du comit\u00e9 technique arbitral (CTA) espagnol.<\/p>\n\n\n\n<p>Le Bar\u00e7a \u00ab\u00a0a conclu et maintenu un accord verbal strictement confidentiel\u00a0\u00bb avec Negreira \u00ab\u00a0afin qu&rsquo;en sa qualit\u00e9 de vice-pr\u00e9sident du CTA et en \u00e9change d&rsquo;argent, il m\u00e8ne des actions tendant \u00e0 favoriser\u00a0\u00bb le club et donc \u00ab\u00a0les r\u00e9sultats des comp\u00e9titions\u00a0\u00bb, a assur\u00e9 le parquet dans un document judiciaire.<\/p>\n\n\n\n<p>Des accusations rejet\u00e9es lundi par Joan Laporta, pour qui le FC Barcelone, malgr\u00e9 ces contrats, n&rsquo;a jamais \u00e9t\u00e9 en \u00ab\u00a0capacit\u00e9 de d\u00e9signer des arbitres et donc d&rsquo;alt\u00e9rer les r\u00e9sultats sportifs\u00a0\u00bb du club catalan, victime selon lui d&rsquo;une \u00ab\u00a0campagne de d\u00e9nigrement\u00a0\u00bb.<\/p>\n\n\n\n<p>Selon le pr\u00e9sident du Bar\u00e7a, le fisc espagnol lui-m\u00eame a soulign\u00e9, dans un rapport transmis \u00e0 la justice, ne pas avoir \u00ab\u00a0pu d\u00e9montrer que les paiements effectu\u00e9s \u00e0 des entreprises\u00a0\u00bb de Jose Maria Enriquez Negreira \u00ab\u00a0aient pu influer sur les arbitres ou sur le r\u00e9sultat d&rsquo;un quelconque match\u00a0\u00bb.<\/p>\n\n\n\n<p>\u00ab\u00a0Ils n&rsquo;ont pas pu le d\u00e9montrer car ce n&rsquo;\u00e9tait pas possible\u00a0\u00bb, a insist\u00e9 M. Laporta, en assurant que les services pour lesquels le club avait effectu\u00e9 des paiements \u00e9taient l\u00e9gaux et document\u00e9s.<\/p>\n\n\n\n<p>Le pr\u00e9sident du FC Barcelone a dit s&rsquo;appuyer sur les conclusions d&rsquo;une enqu\u00eate interne, confi\u00e9e au cabinet KPMG, selon lesquelles \u00ab\u00a0aucun agissement de nature p\u00e9nale et li\u00e9 au d\u00e9lit de corruption sportive n&rsquo;a \u00e9t\u00e9 identifi\u00e9\u00a0\u00bb.<\/p>\n\n\n\n<p>D&rsquo;apr\u00e8s ce rapport, les paiements ont \u00e9t\u00e9 r\u00e9alis\u00e9s pour \u00ab\u00a0des services de conseil sportif, des conseils sur le recrutement et l&rsquo;arbitrage, qui sont courants dans le sport professionnel\u00a0\u00bb, et d\u00e9pendaient du nombre de comp\u00e9titions qui \u00e9taient analys\u00e9es, a ajout\u00e9 M. Laporta.<\/p>\n\n\n\n<p>&#8211; \u00ab\u00a0R\u00e9putation\u00a0\u00bb &#8211;<\/p>\n\n\n\n<p>\u00ab\u00a0Il n&rsquo;y a pas eu de d\u00e9lit de corruption\u00a0\u00bb, a-t-il insist\u00e9, sans exclure que des personnes ext\u00e9rieures au club aient pu profiter de cette situation \u00ab\u00a0pour avoir des comportements irr\u00e9guliers\u00a0\u00bb, mais \u00ab\u00a0\u00e0 leur profit\u00a0\u00bb et non \u00e0 celui du club.<\/p>\n\n\n\n<p>D\u00e9non\u00e7ant une \u00ab\u00a0campagne orchestr\u00e9e pour d\u00e9truire la r\u00e9putation du FC Barcelone\u00a0\u00bb, M. Laporta a pr\u00e9cis\u00e9 avoir engag\u00e9 des poursuites \u00ab\u00a0contre ceux qui ont port\u00e9 atteinte \u00e0 l&rsquo;honneur du club\u00a0\u00bb, critiquant ouvertement le Real Madrid, qualifi\u00e9 de \u00ab\u00a0club du r\u00e9gime\u00a0\u00bb (dictatorial du g\u00e9n\u00e9ral Franco, de 1939 \u00e0 1975 ndlr) et le pr\u00e9sident de LaLiga Javier Tebas, qui a demand\u00e9 \u00e0 plusieurs reprises des explications sur l&rsquo;affaire.<\/p>\n\n\n\n<p>Cette sortie de Laporta a visiblement provoqu\u00e9 la fureur du Real, qui a post\u00e9 dans la soir\u00e9e une \u00e9tonnante vid\u00e9o visant \u00e0 mettre en lumi\u00e8re des liens suppos\u00e9s entre le Bar\u00e7a et Franco.<\/p>\n\n\n\n<p>\u00ab\u00a0J&rsquo;aimerais que le pr\u00e9sident de LaLiga contienne cette incontinence verbale\u00a0\u00bb, a attaqu\u00e9 M. Laporta, se disant par ailleurs persuad\u00e9 que le Bar\u00e7a ne serait pas sanctionn\u00e9 par l&rsquo;UEFA, qui a ouvert une enqu\u00eate concernant une \u00ab\u00a0\u00e9ventuelle violation du cadre juridique\u00a0\u00bb par le club catalan.<\/p>\n\n\n\n<p>\u00ab\u00a0Je suis convaincu que cela n&rsquo;arrivera pas, ce serait un \u00e9v\u00e9nement sans pr\u00e9c\u00e9dent et avec un club du niveau du FC Barcelone\u00a0\u00bb, a-t-il d\u00e9clar\u00e9, \u00e9cartant tout risque pour son club de se voir \u00e9cart\u00e9 de la Ligue des champions.<\/p>\n\n\n\n<p><a href=\"https:\/\/information.tv5monde.com\/auteur\/afp\">AFP<\/a><\/p>\n\n\n\n<p>\u00a9 2023 AFP<\/p>\n\n\n\n<p>Mise \u00e0 jour 18.04.2023 \u00e0 11:00<\/p>\n","protected":false},"excerpt":{"rendered":"<p>Convoquant la presse pour la premi\u00e8re fois depuis l&rsquo;inculpation du club dans un scandale arbitral, le pr\u00e9sident du FC Barcelone,<\/p>\n","protected":false},"author":1,"featured_media":10539,"comment_status":"open","ping_status":"open","sticky":false,"template":"","format":"standard","meta":{"footnotes":""},"categories":[9],"tags":[],"class_list":["post-10538","post","type-post","status-publish","format-standard","has-post-thumbnail","hentry","category-sports"],"_links":{"self":[{"href":"https:\/\/dekkbi.com\/index.php?rest_route=\/wp\/v2\/posts\/10538","targetHints":{"allow":["GET"]}}],"collection":[{"href":"https:\/\/dekkbi.com\/index.php?rest_route=\/wp\/v2\/posts"}],"about":[{"href":"https:\/\/dekkbi.com\/index.php?rest_route=\/wp\/v2\/types\/post"}],"author":[{"embeddable":true,"href":"https:\/\/dekkbi.com\/index.php?rest_route=\/wp\/v2\/users\/1"}],"replies":[{"embeddable":true,"href":"https:\/\/dekkbi.com\/index.php?rest_route=%2Fwp%2Fv2%2Fcomments&post=10538"}],"version-history":[{"count":1,"href":"https:\/\/dekkbi.com\/index.php?rest_route=\/wp\/v2\/posts\/10538\/revisions"}],"predecessor-version":[{"id":10540,"href":"https:\/\/dekkbi.com\/index.php?rest_route=\/wp\/v2\/posts\/10538\/revisions\/10540"}],"wp:featuredmedia":[{"embeddable":true,"href":"https:\/\/dekkbi.com\/index.php?rest_route=\/wp\/v2\/media\/10539"}],"wp:attachment":[{"href":"https:\/\/dekkbi.com\/index.php?rest_route=%2Fwp%2Fv2%2Fmedia&parent=10538"}],"wp:term":[{"taxonomy":"category","embeddable":true,"href":"https:\/\/dekkbi.com\/index.php?rest_route=%2Fwp%2Fv2%2Fcategories&post=10538"},{"taxonomy":"post_tag","embeddable":true,"href":"https:\/\/dekkbi.com\/index.php?rest_route=%2Fwp%2Fv2%2Ftags&post=10538"}],"curies":[{"name":"wp","href":"https:\/\/api.w.org\/{rel}","templated":true}]}}