{"id":10530,"date":"2023-04-18T13:24:47","date_gmt":"2023-04-18T13:24:47","guid":{"rendered":"https:\/\/dekkbi.com\/?p=10530"},"modified":"2023-04-18T13:24:48","modified_gmt":"2023-04-18T13:24:48","slug":"face-a-une-inflation-historique-le-modele-agricole-du-maroc-en-question","status":"publish","type":"post","link":"https:\/\/dekkbi.com\/?p=10530","title":{"rendered":"Face \u00e0 une inflation historique, le mod\u00e8le agricole du Maroc en question"},"content":{"rendered":"\n<p><a href=\"https:\/\/www.addthis.com\/bookmark.php?v=300\"><\/a><a href=\"https:\/\/www.addthis.com\/bookmark.php?v=300\"><\/a><a rel=\"noreferrer noopener\" href=\"https:\/\/www.addthis.com\/bookmark.php?v=300\" target=\"_blank\"><\/a><a rel=\"noreferrer noopener\" href=\"https:\/\/www.addthis.com\/bookmark.php?v=300\" target=\"_blank\"><\/a>Des l\u00e9gumes sur les march\u00e9s marocains presque aussi chers que dans certains supermarch\u00e9s de France, avec un salaire minimum cinq fois inf\u00e9rieur: le mod\u00e8le agricole du pays, bas\u00e9 sur les exportations, est remis en question par une inflation record qui provoque la col\u00e8re de la population.<\/p>\n\n\n\n<p>La pouss\u00e9e inflationniste, +10,1% en glissement annuel en f\u00e9vrier dont 20,1% de hausse pour les produits alimentaires, selon le Haut-Commissariat au Plan (HCP), vaut \u00e0 l&rsquo;ex\u00e9cutif des critiques de tout bord en plein mois sacr\u00e9 du Ramadan, quand la consommation augmente.<\/p>\n\n\n\n<p>Si l&rsquo;ampleur des manifestations contre la vie ch\u00e8re reste limit\u00e9e, le m\u00e9contentement s&rsquo;installe.<\/p>\n\n\n\n<p>\u00ab\u00a0La hausse des prix est une honte (&#8230;), nous sommes un pays agricole et pourtant les l\u00e9gumes y sont chers\u00a0\u00bb, s&rsquo;exasp\u00e9raient le 8 avril des manifestants devant le Parlement \u00e0 Rabat.<\/p>\n\n\n\n<p>D\u00e9but f\u00e9vrier, le gouvernement a suspendu l&rsquo;exportation de certains produits, notamment les tomates, afin d&rsquo;approvisionner le march\u00e9 local, suscitant les protestations d&rsquo;associations professionnelles qui ont demand\u00e9 au Premier ministre Aziz Akhannouch de revenir sur cette mesure.<\/p>\n\n\n\n<p>Pour le patron du HCP, Ahmed Lahlimi, cette crise questionne la viabilit\u00e9 du mod\u00e8le agricole marocain, d&rsquo;autant que ce secteur cl\u00e9 de l&rsquo;\u00e9conomie (13% du PIB et 14% des exportations) est expos\u00e9 \u00e0 des s\u00e9cheresses r\u00e9currentes et au d\u00e9r\u00e8glement climatique.<\/p>\n\n\n\n<p>\u00ab\u00a0L&rsquo;agriculture doit faire sa r\u00e9volution pour changer de syst\u00e8me de production, aller vers une souverainet\u00e9 alimentaire et produire ce que nous consommons en premier lieu\u00a0\u00bb, a plaid\u00e9 fin mars M. Lahlimi dans une interview au site d&rsquo;information M\u00e9dias24.<\/p>\n\n\n\n<p>&#8211; \u00ab\u00a0Facteurs externes\u00a0\u00bb &#8211;<\/p>\n\n\n\n<p>Face aux r\u00e9criminations, le ministre de l&rsquo;Agriculture Mohamed Sadiki a attribu\u00e9 le bond des prix alimentaires \u00e0 \u00ab\u00a0des facteurs externes et conjoncturels\u00a0\u00bb, comme l&rsquo;envol\u00e9e du co\u00fbt des mati\u00e8res premi\u00e8res et une vague de froid qui a retard\u00e9 la cueillette des tomates.<\/p>\n\n\n\n<p>Le Maroc s&rsquo;est dot\u00e9 en 2008 d&rsquo;un ambitieux \u00ab\u00a0Plan Maroc Vert\u00a0\u00bb (PMV) qui lui a permis d&rsquo;assurer une autosuffisance alimentaire, \u00e0 entre 50% et 100% selon les fili\u00e8res d&rsquo;approvisionnement.<\/p>\n\n\n\n<p>Depuis l&rsquo;adoption du PMV il y a 15 ans, la production agricole a doubl\u00e9 de valeur: de 5,6 \u00e0 plus de 11 milliards d&rsquo;euros, malgr\u00e9 la perte d&rsquo;environ 7 milliards de m\u00e8tres cubes de pluie annuellement depuis 1985.<\/p>\n\n\n\n<p>Mais le royaume reste \u00e0 la merci d&rsquo;une s\u00e9cheresse devenue structurelle \u00ab\u00a0qui r\u00e9duit la superficie cultiv\u00e9e et donc l&rsquo;offre, faisant augmenter les prix\u00a0\u00bb, explique \u00e0 l&rsquo;AFP Abderrahim Handouf, ing\u00e9nieur agronome sp\u00e9cialiste de l&rsquo;irrigation.<\/p>\n\n\n\n<p>S&rsquo;y ajoute les co\u00fbts des mati\u00e8res premi\u00e8res import\u00e9es (semences, \u00e9nergie, engrais azot\u00e9s&#8230;) qui ont bondi \u00ab\u00a0de 30% \u00e0 70%\u00a0\u00bb, selon le minist\u00e8re de l&rsquo;Agriculture. Idem pour les importations de bl\u00e9.<\/p>\n\n\n\n<p>&#8211; \u00ab\u00a0Souverainet\u00e9 alimentaire\u00a0\u00bb &#8211;<\/p>\n\n\n\n<p>Le \u00ab\u00a0Plan Maroc Vert\u00a0\u00bb (rebaptis\u00e9 \u00ab\u00a0G\u00e9n\u00e9ration Green\u00a0\u00bb pour la p\u00e9riode 2020-30) a fait des exportations de fruits et l\u00e9gumes une priorit\u00e9, ce qui p\u00e8se sur le march\u00e9 local et a favoris\u00e9 la flamb\u00e9e des prix.<\/p>\n\n\n\n<p>Des voix s&rsquo;\u00e9l\u00e8vent pour r\u00e9clamer une r\u00e9orientation de la politique agricole marocaine vers une strat\u00e9gie qui \u00ab\u00a0assure la souverainet\u00e9 alimentaire, \u00e0 commencer par l&rsquo;industrie semenci\u00e8re o\u00f9 le Maroc accuse beaucoup de retard\u00a0\u00bb, souligne M. Handouf.<\/p>\n\n\n\n<p>Autre difficult\u00e9 pour l&rsquo;ex\u00e9cutif: r\u00e9former le syst\u00e8me de commercialisation gangr\u00e9n\u00e9 par des interm\u00e9diaires qui gagnent \u00ab\u00a0trois \u00e0 quatre fois plus que la valeur de cession\u00a0\u00bb, d&rsquo;apr\u00e8s les producteurs de fruits et l\u00e9gumes qui se sont plaints dans une lettre adress\u00e9e le 31 mars \u00e0 M. Akhannouch.<\/p>\n\n\n\n<p>Le gouvernement a pourtant annonc\u00e9 plusieurs op\u00e9rations de lutte contre les sp\u00e9culateurs. Des mesures \u00ab\u00a0qui n&rsquo;ont pas eu les r\u00e9sultats escompt\u00e9s\u00a0\u00bb, reconna\u00eet le porte-parole du gouvernement Mustapha Ba\u00eftas.<\/p>\n\n\n\n<p>L&rsquo;ex\u00e9cutif promet que les prix vont bient\u00f4t baisser.<\/p>\n\n\n\n<p>En attendant, la Banque centrale du Maroc a de nouveau relev\u00e9 le mois dernier son taux directeur \u00e0 3% &#8212; la troisi\u00e8me hausse en six mois &#8212; afin d&rsquo;enrayer l&rsquo;inflation galopante qui affecte les m\u00e9nages modestes et vuln\u00e9rables.<\/p>\n\n\n\n<p>Cette d\u00e9cision a d\u00e9plu au gouvernement qui mise sur une relance par la croissance, toujours atone, et s&rsquo;inqui\u00e8te \u00ab\u00a0des retomb\u00e9es n\u00e9gatives sur le pouvoir d&rsquo;achat des Marocains\u00a0\u00bb, selon des m\u00e9dias.<\/p>\n\n\n\n<p>De son c\u00f4t\u00e9, le Haut-commissaire au Plan, Ahmed Lahlimi, estime que l&rsquo;inflation va perdurer tant que \u00ab\u00a0l&rsquo;on n&rsquo;aura pas fait les r\u00e9formes pour am\u00e9liorer notre offre et notre productivit\u00e9, avec un travail d&rsquo;assainissement de nos circuits de distribution\u00a0\u00bb alimentaire.<\/p>\n\n\n\n<p>Par Ismail BELLAOUALI<\/p>\n\n\n\n<p><a href=\"https:\/\/information.tv5monde.com\/auteur\/afp\">AFP<\/a><\/p>\n","protected":false},"excerpt":{"rendered":"<p>Des l\u00e9gumes sur les march\u00e9s marocains presque aussi chers que dans certains supermarch\u00e9s de France, avec un salaire minimum cinq<\/p>\n","protected":false},"author":1,"featured_media":10531,"comment_status":"open","ping_status":"open","sticky":false,"template":"","format":"standard","meta":{"footnotes":""},"categories":[3],"tags":[],"class_list":["post-10530","post","type-post","status-publish","format-standard","has-post-thumbnail","hentry","category-event-more-news"],"_links":{"self":[{"href":"https:\/\/dekkbi.com\/index.php?rest_route=\/wp\/v2\/posts\/10530","targetHints":{"allow":["GET"]}}],"collection":[{"href":"https:\/\/dekkbi.com\/index.php?rest_route=\/wp\/v2\/posts"}],"about":[{"href":"https:\/\/dekkbi.com\/index.php?rest_route=\/wp\/v2\/types\/post"}],"author":[{"embeddable":true,"href":"https:\/\/dekkbi.com\/index.php?rest_route=\/wp\/v2\/users\/1"}],"replies":[{"embeddable":true,"href":"https:\/\/dekkbi.com\/index.php?rest_route=%2Fwp%2Fv2%2Fcomments&post=10530"}],"version-history":[{"count":1,"href":"https:\/\/dekkbi.com\/index.php?rest_route=\/wp\/v2\/posts\/10530\/revisions"}],"predecessor-version":[{"id":10532,"href":"https:\/\/dekkbi.com\/index.php?rest_route=\/wp\/v2\/posts\/10530\/revisions\/10532"}],"wp:featuredmedia":[{"embeddable":true,"href":"https:\/\/dekkbi.com\/index.php?rest_route=\/wp\/v2\/media\/10531"}],"wp:attachment":[{"href":"https:\/\/dekkbi.com\/index.php?rest_route=%2Fwp%2Fv2%2Fmedia&parent=10530"}],"wp:term":[{"taxonomy":"category","embeddable":true,"href":"https:\/\/dekkbi.com\/index.php?rest_route=%2Fwp%2Fv2%2Fcategories&post=10530"},{"taxonomy":"post_tag","embeddable":true,"href":"https:\/\/dekkbi.com\/index.php?rest_route=%2Fwp%2Fv2%2Ftags&post=10530"}],"curies":[{"name":"wp","href":"https:\/\/api.w.org\/{rel}","templated":true}]}}