{"id":10527,"date":"2023-04-18T13:22:22","date_gmt":"2023-04-18T13:22:22","guid":{"rendered":"https:\/\/dekkbi.com\/?p=10527"},"modified":"2023-04-18T13:22:23","modified_gmt":"2023-04-18T13:22:23","slug":"tunisie-les-autorites-ferment-les-bureaux-dennahdha-inquietude-europeenne","status":"publish","type":"post","link":"https:\/\/dekkbi.com\/?p=10527","title":{"rendered":"Tunisie: les autorit\u00e9s ferment les bureaux d&rsquo;Ennahdha, \u00ab\u00a0inqui\u00e9tude\u00a0\u00bb europ\u00e9enne"},"content":{"rendered":"\n<p><a href=\"https:\/\/www.addthis.com\/bookmark.php?v=300\"><\/a><a href=\"https:\/\/www.addthis.com\/bookmark.php?v=300\"><\/a><a rel=\"noreferrer noopener\" href=\"https:\/\/www.addthis.com\/bookmark.php?v=300\" target=\"_blank\"><\/a><a rel=\"noreferrer noopener\" href=\"https:\/\/www.addthis.com\/bookmark.php?v=300\" target=\"_blank\"><\/a>Les autorit\u00e9s tunisiennes ont ferm\u00e9 mardi les bureaux du mouvement islamo-conservateur Ennahdha sur l&rsquo;ensemble du territoire, au lendemain de l&rsquo;arrestation de son chef, Rached Ghannouchi, suscitant une r\u00e9action de forte \u00ab\u00a0inqui\u00e9tude\u00a0\u00bb de l&rsquo;Union europ\u00e9enne.<\/p>\n\n\n\n<p>\u00ab\u00a0Une force de police s&rsquo;est pr\u00e9sent\u00e9e dans le si\u00e8ge principal du parti (\u00e0 Tunis) et ordonn\u00e9 \u00e0 tous ceux qui s&rsquo;y trouvaient d&rsquo;en sortir avant de le fermer\u00a0\u00bb, a affirm\u00e9 \u00e0 l&rsquo;AFP un des dirigeants d&rsquo;Ennahdha, Riadh Chaibi.<\/p>\n\n\n\n<p>\u00ab\u00a0La police a aussi ferm\u00e9 les autres bureaux du parti partout dans le pays et interdit toute r\u00e9union dans ces locaux\u00a0\u00bb, a-t-il ajout\u00e9. Cette mesure a \u00e9t\u00e9 prise au lendemain de l&rsquo;arrestation du chef du parti, Rached Ghannouchi, \u00e0 son domicile \u00e0 Tunis.<\/p>\n\n\n\n<p>L&rsquo;UE, un partenaire clef de la Tunisie, a affirm\u00e9 suivre \u00ab\u00a0avec beaucoup d&rsquo;inqui\u00e9tude les derniers d\u00e9veloppements\u00a0\u00bb dans le pays, \u00ab\u00a0notamment l&rsquo;arrestation hier soir (lundi) de M. Rached Ghannouchi ainsi que les informations concernant la fermeture du si\u00e8ge du parti Ennahdha \u00e0 Tunis\u00a0\u00bb.<\/p>\n\n\n\n<p>Bruxelles a rappel\u00e9 \u00ab\u00a0l&rsquo;importance du respect des droits de la d\u00e9fense ainsi que du droit \u00e0 un proc\u00e8s \u00e9quitable\u00a0\u00bb. Et concernant la fermeture des locaux d&rsquo;Ennahdha, l&rsquo;Union europ\u00e9enne a soulign\u00e9 \u00ab\u00a0le principe fondamental du pluralisme politique\u00a0\u00bb, estimant que tous ces \u00e9l\u00e9ments \u00e9taient \u00ab\u00a0essentiels pour toute d\u00e9mocratie\u00a0\u00bb et constituaient \u00ab\u00a0la base du partenariat de l&rsquo;Union europ\u00e9enne avec la Tunisie\u00a0\u00bb.<\/p>\n\n\n\n<p>Depuis novembre 2012, la Tunisie b\u00e9n\u00e9ficie du statut de partenaire privil\u00e9gi\u00e9 de l&rsquo;UE qui l&rsquo;a accompagn\u00e9e dans le processus de transition d\u00e9mocratique entam\u00e9 apr\u00e8s la r\u00e9volution de 2011 en lui fournissant de nombreuses aides et un acc\u00e8s facilit\u00e9 au march\u00e9 unique europ\u00e9en.<\/p>\n\n\n\n<p>M. Ghannouchi, 81 ans, qui dirigeait le Parlement dissous, est l&rsquo;opposant le plus en vue \u00e0 \u00eatre arr\u00eat\u00e9 depuis le coup de force du pr\u00e9sident Kais Saied qui s&rsquo;est empar\u00e9 des pleins pouvoirs en juillet 2021.<\/p>\n\n\n\n<p>Son arrestation survient apr\u00e8s des d\u00e9clarations rapport\u00e9es par des m\u00e9dias, dans lesquelles M. Ghannouchi a affirm\u00e9 ce weekend que la Tunisie serait menac\u00e9e d&rsquo;une \u00ab\u00a0guerre civile\u00a0\u00bb si l&rsquo;islam politique, dont est issu son parti, y \u00e9tait \u00e9limin\u00e9.<\/p>\n\n\n\n<p>&#8211; R\u00e9unions interdites &#8211;<\/p>\n\n\n\n<p>Une source au minist\u00e8re de l&rsquo;Int\u00e9rieur cit\u00e9e par les m\u00e9dias tunisiens a confirm\u00e9 que l&rsquo;arrestation de M. Ghannouchi \u00e9tait li\u00e9e \u00e0 ces d\u00e9clarations.<\/p>\n\n\n\n<p>Selon M. Chaibi, deux autres responsables d&rsquo;Ennahdha, Mohamed Goumani et Belgacem Hassan, ont \u00e9galement \u00e9t\u00e9 arr\u00eat\u00e9s lundi soir.<\/p>\n\n\n\n<p>Par ailleurs, le chef du Front de salut national (FSN), principale coalition d&rsquo;opposition dont fait partie Ennahdha, a affirm\u00e9 que la police avait interdit mardi une conf\u00e9rence de presse que son groupe s&rsquo;appr\u00eatait \u00e0 tenir pour r\u00e9agir \u00e0 l&rsquo;arrestation de M. Ghannouchi.<\/p>\n\n\n\n<p>\u00ab\u00a0La police a emp\u00each\u00e9 la tenue de la conf\u00e9rence de presse et d\u00e9ploy\u00e9 des barri\u00e8res devant le si\u00e8ge du parti\u00a0\u00bb, a d\u00e9clar\u00e9 Ahmed N\u00e9jib Chebbi \u00e0 l&rsquo;AFP.<\/p>\n\n\n\n<p>Depuis d\u00e9but f\u00e9vrier, les autorit\u00e9s ont incarc\u00e9r\u00e9 plus de 20 opposants et des personnalit\u00e9s parmi lesquelles des ex-ministres, des hommes d&rsquo;affaires et le patron de la radio la plus \u00e9cout\u00e9e du pays, Mosa\u00efque FM.<\/p>\n\n\n\n<p>Le pr\u00e9sident Saied, accus\u00e9 par l&rsquo;opposition de d\u00e9rive autoritaire, a qualifi\u00e9 les personnes arr\u00eat\u00e9es de \u00ab\u00a0terroristes\u00a0\u00bb, affirmant qu&rsquo;elles \u00e9taient impliqu\u00e9es dans un \u00ab\u00a0complot contre la s\u00fbret\u00e9 de l&rsquo;Etat\u00a0\u00bb.<\/p>\n\n\n\n<p>Apr\u00e8s son coup de force, M. Saied a fait r\u00e9viser la Constitution pour instaurer un syst\u00e8me ultra-pr\u00e9sidentialiste aux d\u00e9pens du Parlement, qui ne dispose plus de r\u00e9els pouvoirs, contrairement \u00e0 l&rsquo;Assembl\u00e9e dissoute domin\u00e9e par Ennahdha.<\/p>\n\n\n\n<p>Par Aymen JAMLI<\/p>\n\n\n\n<p><a href=\"https:\/\/information.tv5monde.com\/auteur\/afp\">AFP<\/a><\/p>\n","protected":false},"excerpt":{"rendered":"<p>Les autorit\u00e9s tunisiennes ont ferm\u00e9 mardi les bureaux du mouvement islamo-conservateur Ennahdha sur l&rsquo;ensemble du territoire, au lendemain de l&rsquo;arrestation<\/p>\n","protected":false},"author":1,"featured_media":10528,"comment_status":"open","ping_status":"open","sticky":false,"template":"","format":"standard","meta":{"footnotes":""},"categories":[51],"tags":[],"class_list":["post-10527","post","type-post","status-publish","format-standard","has-post-thumbnail","hentry","category-general"],"_links":{"self":[{"href":"https:\/\/dekkbi.com\/index.php?rest_route=\/wp\/v2\/posts\/10527","targetHints":{"allow":["GET"]}}],"collection":[{"href":"https:\/\/dekkbi.com\/index.php?rest_route=\/wp\/v2\/posts"}],"about":[{"href":"https:\/\/dekkbi.com\/index.php?rest_route=\/wp\/v2\/types\/post"}],"author":[{"embeddable":true,"href":"https:\/\/dekkbi.com\/index.php?rest_route=\/wp\/v2\/users\/1"}],"replies":[{"embeddable":true,"href":"https:\/\/dekkbi.com\/index.php?rest_route=%2Fwp%2Fv2%2Fcomments&post=10527"}],"version-history":[{"count":1,"href":"https:\/\/dekkbi.com\/index.php?rest_route=\/wp\/v2\/posts\/10527\/revisions"}],"predecessor-version":[{"id":10529,"href":"https:\/\/dekkbi.com\/index.php?rest_route=\/wp\/v2\/posts\/10527\/revisions\/10529"}],"wp:featuredmedia":[{"embeddable":true,"href":"https:\/\/dekkbi.com\/index.php?rest_route=\/wp\/v2\/media\/10528"}],"wp:attachment":[{"href":"https:\/\/dekkbi.com\/index.php?rest_route=%2Fwp%2Fv2%2Fmedia&parent=10527"}],"wp:term":[{"taxonomy":"category","embeddable":true,"href":"https:\/\/dekkbi.com\/index.php?rest_route=%2Fwp%2Fv2%2Fcategories&post=10527"},{"taxonomy":"post_tag","embeddable":true,"href":"https:\/\/dekkbi.com\/index.php?rest_route=%2Fwp%2Fv2%2Ftags&post=10527"}],"curies":[{"name":"wp","href":"https:\/\/api.w.org\/{rel}","templated":true}]}}