{"id":10524,"date":"2023-04-18T13:18:05","date_gmt":"2023-04-18T13:18:05","guid":{"rendered":"https:\/\/dekkbi.com\/?p=10524"},"modified":"2023-04-18T13:18:06","modified_gmt":"2023-04-18T13:18:06","slug":"apres-la-crise-des-retraites-macron-se-donne-100-jours-pour-apaiser-la-france","status":"publish","type":"post","link":"https:\/\/dekkbi.com\/?p=10524","title":{"rendered":"Apr\u00e8s la crise des retraites, Macron se donne 100 jours pour apaiser la France"},"content":{"rendered":"\n<p>Apr\u00e8s trois mois d&rsquo;une profonde crise sociale, le pr\u00e9sident Emmanuel Macron, qui a r\u00e9ussi \u00e0 faire passer son impopulaire r\u00e9forme des retraites, a assur\u00e9 \u00ab\u00a0<em>entendre la col\u00e8re<\/em>\u00a0\u00bb des Fran\u00e7ais et promis de s&rsquo;atteler \u00e0 de nouveaux chantiers pour r\u00e9pondre \u00e0 leurs pr\u00e9occupations, un discours imm\u00e9diatement rejet\u00e9 par l&rsquo;opposition.<\/p>\n\n\n\n<p><a href=\"https:\/\/www.addthis.com\/bookmark.php?v=300\"><\/a><a href=\"https:\/\/www.addthis.com\/bookmark.php?v=300\"><\/a><a href=\"https:\/\/www.addthis.com\/bookmark.php?v=300\" rel=\"noreferrer noopener\" target=\"_blank\"><\/a><a href=\"https:\/\/www.addthis.com\/bookmark.php?v=300\" rel=\"noreferrer noopener\" target=\"_blank\"><\/a><\/p>\n\n\n\n<p>\u00ab\u00a0<em>Cette r\u00e9forme \u00e9tait n\u00e9cessaire<\/em>\u00ab\u00a0, a r\u00e9it\u00e9r\u00e9 Emmanuel Macron dans une allocution t\u00e9l\u00e9vis\u00e9e solennelle, deux jours apr\u00e8s la promulgation de la loi et de sa mesure phare, le recul de l&rsquo;\u00e2ge de d\u00e9part \u00e0 la retraite de 62 \u00e0 64 ans, rejet\u00e9e par la majorit\u00e9 des Fran\u00e7ais.<\/p>\n\n\n\n<p>Le chef de l&rsquo;Etat a cependant assur\u00e9 \u00ab\u00a0<em>entendre<\/em>\u00a0\u00bb la col\u00e8re qui s&rsquo;est manifest\u00e9e dans le pays depuis janvier, lors de douze journ\u00e9es de gr\u00e8ves et de manifestation, et qui reste toujours tr\u00e8s vive.<\/p>\n\n\n\n<p>\u00ab\u00a0<em>A l&rsquo;\u00e9vidence cette r\u00e9forme n&rsquo;est pas accept\u00e9e<\/em>\u00ab\u00a0, et \u00ab\u00a0<em>personne ne peut rester sourd<\/em>\u00a0\u00bb \u00e0 cette col\u00e8re, a-t-il d\u00e9clar\u00e9, usant d&rsquo;un ton plus conciliant apr\u00e8s des mois de tension avec les organisations syndicales, la rue et l&rsquo;opposition politique.<\/p>\n\n\n\n<p>D\u00e9sireux de passer \u00e0 autre chose et de sortir d&rsquo;une crise qui a englu\u00e9 le d\u00e9but de son second quinquennat, le chef de l&rsquo;Etat a promis l&rsquo;ouverture de nouveaux chantiers et s&rsquo;est donn\u00e9 lundi \u00ab\u00a0<em>cent jours<\/em>\u00a0\u00bb pour lancer un plan d'\u00a0\u00bb<em>apaisement<\/em>\u00a0\u00bb et \u00ab\u00a0<em>d&rsquo;action<\/em>\u00a0\u00bb d&rsquo;ici le 14 juillet.<\/p>\n\n\n\n<h2 class=\"wp-block-heading\">\u00ab\u00a0<em>Apaisement<\/em>\u00ab\u00a0<\/h2>\n\n\n\n<p>\u00ab\u00a0<em>Nous avons devant nous cent jours d&rsquo;apaisement, d&rsquo;unit\u00e9, d&rsquo;ambition et d&rsquo;action au service de la France, c&rsquo;est notre devoir et je nous fais confiance, je vous fais confiance pour y arriver<\/em>\u00ab\u00a0, a-t-il dit.<\/p>\n\n\n\n<p>Le chef de l&rsquo;Etat a annonc\u00e9 vouloir \u00ab\u00a0<em>b\u00e2tir un nouveau pacte de la vie au travail<\/em>\u00a0\u00bb et a r\u00e9p\u00e9t\u00e9 qu&rsquo;il \u00e9tait pr\u00eat \u00e0 recevoir les syndicats qui voudraient en discuter avec lui.<br>Les n\u00e9gociations porteront sur la n\u00e9cessit\u00e9 \u00ab\u00a0<em>d&rsquo;am\u00e9liorer les revenus<\/em>\u00a0\u00bb salari\u00e9s, \u00ab\u00a0<em>faire progresser les carri\u00e8res<\/em>\u00ab\u00a0, \u00ab\u00a0<em>mieux partager les richesses<\/em>\u00ab\u00a0, \u00ab\u00a0<em>am\u00e9liorer les conditions de travail<\/em>\u00ab\u00a0, \u00ab\u00a0<em>trouver des solutions \u00e0 l&rsquo;usure professionnelle<\/em>\u00a0\u00bb ou encore \u00ab\u00a0<em>aider \u00e0 la reconversion<\/em>\u00ab\u00a0.<\/p>\n\n\n\n<p>Le pr\u00e9sident fran\u00e7ais a aussi annonc\u00e9 vouloir s&rsquo;attaquer \u00e0 plusieurs autres dossiers pour am\u00e9liorer la vie des Fran\u00e7ais : \u00e9cole, d\u00e9linquance, engorgement des services d&rsquo;urgence et fraude sociale, et promis de \u00ab\u00a0<em>renforcer le contr\u00f4le de l&rsquo;immigration ill\u00e9gale<\/em>\u00ab\u00a0.<br>La Premi\u00e8re ministre Elisabeth Borne d\u00e9taillera une feuille de route \u00ab\u00a0<em>d\u00e8s la semaine prochaine<\/em>\u00ab\u00a0, a-t-il dit.<\/p>\n\n\n\n<h2 class=\"wp-block-heading\">Vol\u00e9e de bois vert<\/h2>\n\n\n\n<p>Mais cette volont\u00e9 d&rsquo;apaisement a imm\u00e9diatement \u00e9t\u00e9 rejet\u00e9e par les principaux t\u00e9nors de l&rsquo;opposition.<\/p>\n\n\n\n<p>La cheffe de l&rsquo;extr\u00eame-droite Marine Le Pen, principale b\u00e9n\u00e9ficiaire dans les sondages de la crise, a d\u00e9nonc\u00e9 une \u00ab\u00a0<em>pratique d\u00e9connect\u00e9e, solitaire et obtuse du pouvoir<\/em>\u00ab\u00a0, qui annonce selon elle \u00ab\u00a0<em>la poursuite d&rsquo;un quinquennat de m\u00e9pris, d&rsquo;indiff\u00e9rence et de brutalit\u00e9<\/em>\u00ab\u00a0.<br>\u00ab\u00a0<em>Par l&rsquo;annonce du retrait de la r\u00e9forme des retraites ou du r\u00e9f\u00e9rendum, Emmanuel Macron aurait pu ce soir retisser le lien avec les Fran\u00e7ais. Il a choisi de nouveau de leur tourner le dos<\/em>\u00ab\u00a0, a-t-elle ajout\u00e9.<\/p>\n\n\n\n<p>\u00ab\u00a0<em>Irr\u00e9el Macron. Compl\u00e8tement hors de la r\u00e9alit\u00e9, assume le vol de deux ans de libert\u00e9. Les casseroles sonnent plus juste<\/em>\u00ab\u00a0, a estim\u00e9 le chef de la gauche radicale Jean-Luc M\u00e9lenchon en r\u00e9f\u00e9rence \u00e0 l&rsquo;appel des certains opposants \u00e0 frapper sur des casseroles dans la rue au moment de l&rsquo;allocution.<\/p>\n\n\n\n<p><\/p>\n\n\n\n<p>Le chef de la droite traditionnelle, Eric Ciotti, dont la formation est incontournable pour le gouvernement qui ne jouit que d&rsquo;une majorit\u00e9 relative \u00e0 l&rsquo;Assembl\u00e9e nationale, a lui regrett\u00e9 un \u00ab\u00a0<em>catalogue de v\u0153ux pieux<\/em>\u00ab\u00a0. \u00ab\u00a0<em>La m\u00e9thode manifestement ne change pas avec des objectifs louables mais sans la moindre remise en cause<\/em>\u00ab\u00a0, a-t-il dit.<\/p>\n\n\n\n<p><\/p>\n\n\n\n<p>Depuis janvier, des centaines de milliers de Fran\u00e7ais ont d\u00e9fil\u00e9 r\u00e9guli\u00e8rement contre le projet de r\u00e9forme des retraites dans des manifestations parfois \u00e9maill\u00e9es de violences, jusqu&rsquo;\u00e0 l&rsquo;ultime \u00e9pisode vendredi dernier avec la validation de l&rsquo;essentiel de la r\u00e9forme par le Conseil constitutionnel et sa promulgation au Journal officiel de samedi.<\/p>\n\n\n\n<p>TV5MONDE<\/p>\n\n\n\n<p>AFP<\/p>\n\n\n\n<p><\/p>\n","protected":false},"excerpt":{"rendered":"<p>Apr\u00e8s trois mois d&rsquo;une profonde crise sociale, le pr\u00e9sident Emmanuel Macron, qui a r\u00e9ussi \u00e0 faire passer son impopulaire r\u00e9forme<\/p>\n","protected":false},"author":1,"featured_media":10525,"comment_status":"open","ping_status":"open","sticky":false,"template":"","format":"standard","meta":{"footnotes":""},"categories":[51],"tags":[],"class_list":["post-10524","post","type-post","status-publish","format-standard","has-post-thumbnail","hentry","category-general"],"_links":{"self":[{"href":"https:\/\/dekkbi.com\/index.php?rest_route=\/wp\/v2\/posts\/10524","targetHints":{"allow":["GET"]}}],"collection":[{"href":"https:\/\/dekkbi.com\/index.php?rest_route=\/wp\/v2\/posts"}],"about":[{"href":"https:\/\/dekkbi.com\/index.php?rest_route=\/wp\/v2\/types\/post"}],"author":[{"embeddable":true,"href":"https:\/\/dekkbi.com\/index.php?rest_route=\/wp\/v2\/users\/1"}],"replies":[{"embeddable":true,"href":"https:\/\/dekkbi.com\/index.php?rest_route=%2Fwp%2Fv2%2Fcomments&post=10524"}],"version-history":[{"count":1,"href":"https:\/\/dekkbi.com\/index.php?rest_route=\/wp\/v2\/posts\/10524\/revisions"}],"predecessor-version":[{"id":10526,"href":"https:\/\/dekkbi.com\/index.php?rest_route=\/wp\/v2\/posts\/10524\/revisions\/10526"}],"wp:featuredmedia":[{"embeddable":true,"href":"https:\/\/dekkbi.com\/index.php?rest_route=\/wp\/v2\/media\/10525"}],"wp:attachment":[{"href":"https:\/\/dekkbi.com\/index.php?rest_route=%2Fwp%2Fv2%2Fmedia&parent=10524"}],"wp:term":[{"taxonomy":"category","embeddable":true,"href":"https:\/\/dekkbi.com\/index.php?rest_route=%2Fwp%2Fv2%2Fcategories&post=10524"},{"taxonomy":"post_tag","embeddable":true,"href":"https:\/\/dekkbi.com\/index.php?rest_route=%2Fwp%2Fv2%2Ftags&post=10524"}],"curies":[{"name":"wp","href":"https:\/\/api.w.org\/{rel}","templated":true}]}}