{"id":10516,"date":"2023-04-18T11:09:49","date_gmt":"2023-04-18T11:09:49","guid":{"rendered":"https:\/\/dekkbi.com\/?p=10516"},"modified":"2023-04-18T13:14:08","modified_gmt":"2023-04-18T13:14:08","slug":"cese-les-4-potentiels-successeurs-de-idrissa-seck","status":"publish","type":"post","link":"https:\/\/dekkbi.com\/?p=10516","title":{"rendered":"CESE : Les 4 potentiels successeurs de Idrissa Seck"},"content":{"rendered":"\n<p><strong>Entre Idrissa Seck et son d\u00e9sormais ex-alli\u00e9-futur-adversaire, Macky Sall, le point de rupture est atteint. La d\u00e9claration \u2018\u2019pr\u00e9matur\u00e9e\u2019\u2019 de candidature \u00e0 la pr\u00e9sidentielle de 2024 du Rewmiste en chef est tomb\u00e9e comme un cheveu sur le \u00ab Mbourok sow \u00bb, leur \u00e9trange mixture politique au go\u00fbt amer qui est pr\u00e9sentement \u00e0 un niveau de fermentation extr\u00eame.<br><\/strong><br>Depuis sa sortie de vendredi dernier, 14 avril 2023, aux allures de demande de divorce \u00e0 peine voil\u00e9e, le successeur de Aminata Tour\u00e9 est sur si\u00e8ge \u00e9jectable au Conseil \u00e9conomique, social et environnemental (CESE). Son \u00e9viction n\u2019est d\u00e9sormais plus qu\u2019une question de jours. Seneweb a r\u00e9alis\u00e9 un petit casting de ses potentiels rempla\u00e7ants \u00e0 la t\u00eate de ladite institution. Quatre profils sortent du lot. Voici la short-list !<\/p>\n\n\n\n<p><strong>Boun Abdallah Dione, le bras droit et ami de longue date<\/strong>.<\/p>\n\n\n\n<p>Depuis son accession \u00e0 la magistrature supr\u00eame, le pr\u00e9sident Macky Sall a connu plusieurs hommes de confiance. Mais celui qui remporte la palme est de loin Mohammed Boun Abdallah Dione. Si l\u2019\u00e9tat de leur relation est aussi bon, c\u2019est bien parce qu\u2019elle ne date pas d\u2019hier. Les deux hommes collaborent depuis 2005. \u00c0 l\u2019\u00e9poque, Macky Sall venait d\u2019\u00eatre nomm\u00e9 Premier ministre par le Pr\u00e9sident Abdoulaye Wade. Il d\u00e9cide de lui confier le poste de directeur de cabinet. Le compagnonnage se poursuit quand Macky Sall est nomm\u00e9 Pr\u00e9sident de l&rsquo;Assembl\u00e9e nationale. L\u00e0 aussi, il fait confiance \u00e0 Dionne pour occuper le poste de Directeur de cabinet. A la s\u00e9paration Sall-Wade, Boun Abdallah Dione rejoint l\u2019Organisation des Nations unies pour le d\u00e9veloppement industriel (Onudi).<\/p>\n\n\n\n<p><br>Deux ans apr\u00e8s sa prise de pouvoir (2014),\u00a0 Macky Sall fait appel \u00e0 son ami de longue date pour lui confier le poste de ministre charg\u00e9 de la mise en \u0153uvre du Plan S\u00e9n\u00e9gal \u00c9mergent (PSE) avant de le propulser \u00e0 la t\u00eate de la Primature quelques mois plus tard. Pour les \u00e9lections l\u00e9gislatives de 2017, le premier ministre prend son b\u00e2ton de p\u00e8lerin pour la conqu\u00eate de la majorit\u00e9 \u00e0 l\u2019assembl\u00e9e nationale. Une t\u00e2che qu\u2019il va mener \u00e0 la perfection puisque sur les 165 d\u00e9put\u00e9s de l&rsquo;h\u00e9micycle, la coalition Benno Bokk Yaakaar fait une razzia en remportant 125 si\u00e8ges. Bis repetita lors de la pr\u00e9sidentielle de 2019, le Premier ministre est au front pour le deuxi\u00e8me mandat\/premier quinquennat du pr\u00e9sident Sall. La victoire en poche, le chef d\u2019\u00c9tat engage une r\u00e9forme pour mettre en place un r\u00e9gime pr\u00e9sidentiel supprimant ainsi la fonction de premier ministre. Mais Macky Sall ne compte pas pour autant mettre son compagnon dans le frigo. Il est nomm\u00e9 depuis le 6 avril 2019 ministre d&rsquo;\u00c9tat, secr\u00e9taire g\u00e9n\u00e9ral de la Pr\u00e9sidence de la R\u00e9publique. Effac\u00e9 de la vie sociopolitique du pays depuis quelques ann\u00e9es, en raison de probl\u00e8mes de sant\u00e9, Boun Abdallah para\u00eet avoir repris du poil de la b\u00eate en t\u00e9moigne ces diff\u00e9rents postes sur ses plateformes sociales.<\/p>\n\n\n\n<p>Source &#8211; seneweb<\/p>\n","protected":false},"excerpt":{"rendered":"<p>Entre Idrissa Seck et son d\u00e9sormais ex-alli\u00e9-futur-adversaire, Macky Sall, le point de rupture est atteint. La d\u00e9claration \u2018\u2019pr\u00e9matur\u00e9e\u2019\u2019 de candidature<\/p>\n","protected":false},"author":1,"featured_media":10517,"comment_status":"open","ping_status":"open","sticky":false,"template":"","format":"standard","meta":{"footnotes":""},"categories":[6],"tags":[],"class_list":["post-10516","post","type-post","status-publish","format-standard","has-post-thumbnail","hentry","category-politics"],"_links":{"self":[{"href":"https:\/\/dekkbi.com\/index.php?rest_route=\/wp\/v2\/posts\/10516","targetHints":{"allow":["GET"]}}],"collection":[{"href":"https:\/\/dekkbi.com\/index.php?rest_route=\/wp\/v2\/posts"}],"about":[{"href":"https:\/\/dekkbi.com\/index.php?rest_route=\/wp\/v2\/types\/post"}],"author":[{"embeddable":true,"href":"https:\/\/dekkbi.com\/index.php?rest_route=\/wp\/v2\/users\/1"}],"replies":[{"embeddable":true,"href":"https:\/\/dekkbi.com\/index.php?rest_route=%2Fwp%2Fv2%2Fcomments&post=10516"}],"version-history":[{"count":2,"href":"https:\/\/dekkbi.com\/index.php?rest_route=\/wp\/v2\/posts\/10516\/revisions"}],"predecessor-version":[{"id":10523,"href":"https:\/\/dekkbi.com\/index.php?rest_route=\/wp\/v2\/posts\/10516\/revisions\/10523"}],"wp:featuredmedia":[{"embeddable":true,"href":"https:\/\/dekkbi.com\/index.php?rest_route=\/wp\/v2\/media\/10517"}],"wp:attachment":[{"href":"https:\/\/dekkbi.com\/index.php?rest_route=%2Fwp%2Fv2%2Fmedia&parent=10516"}],"wp:term":[{"taxonomy":"category","embeddable":true,"href":"https:\/\/dekkbi.com\/index.php?rest_route=%2Fwp%2Fv2%2Fcategories&post=10516"},{"taxonomy":"post_tag","embeddable":true,"href":"https:\/\/dekkbi.com\/index.php?rest_route=%2Fwp%2Fv2%2Ftags&post=10516"}],"curies":[{"name":"wp","href":"https:\/\/api.w.org\/{rel}","templated":true}]}}