{"id":10483,"date":"2023-04-18T09:40:15","date_gmt":"2023-04-18T09:40:15","guid":{"rendered":"https:\/\/dekkbi.com\/?p=10483"},"modified":"2023-04-18T09:40:16","modified_gmt":"2023-04-18T09:40:16","slug":"guediawaye-limam-meurt-en-pleine-priere","status":"publish","type":"post","link":"https:\/\/dekkbi.com\/?p=10483","title":{"rendered":"Gu\u00e9diawaye : l\u2019imam meurt en pleine pri\u00e8re"},"content":{"rendered":"\n<p>Abdou Diallo, 52 ans, est d\u00e9c\u00e9d\u00e9 samedi \u00e0 Gueule Tap\u00e9e 2, un quartier de la localit\u00e9 de Sam Notaire \u00e0 Gu\u00e9diawaye. Il est mort en dirigeant la nafila du jour. Selon L\u2019Observateur, qui raconte le drame, l\u2019imam ne s\u2019est pas relev\u00e9 de sa premi\u00e8re prosternation.<\/p>\n\n\n\n<p>Apr\u00e8s avoir attendu plus d\u2019une minute sans recevoir le signal pour se relever, les fid\u00e8les apprennent la mauvaise nouvelle.<\/p>\n\n\n\n<p>L\u2019imam titulaire, qui assure les cinq pri\u00e8res obligatoires de la journ\u00e9e, laissant la place \u00e0 Abdou Diallo pour la nafila, constate que son suppl\u00e9ant ne bougeait plus. Il demande que ce dernier soit d\u00e9plac\u00e9 afin qu\u2019il continue la pri\u00e8re.<\/p>\n\n\n\n<p>\u00c0 la fin de celle-ci, les sapeurs-pompiers sont alert\u00e9s. Ils constatent le d\u00e9c\u00e8s de l\u2019imam adjoint. Les \u00e9l\u00e9ments du commissariat de Gu\u00e9diawaye proc\u00e8dent aux constatations sur les lieux du drame. Le corps est d\u00e9pos\u00e9 au centre de sant\u00e9 du quartier avant d\u2019\u00eatre transf\u00e9r\u00e9 pour l\u2019autopsie \u00e0 l\u2019h\u00f4pital Idrissa Pouye de Grand-Yoff (Hoggy).<\/p>\n\n\n\n<p>En attendant la mise \u00e0 disposition de la d\u00e9pouille les commentaires vont bon train sur les circonstances de la mort de Abdou Diallo, cet ancien boucher qui faisait du transport de bagages. Un de ses proches, interrog\u00e9 par L\u2019Observateur, confie que le d\u00e9funt souffrait de probl\u00e8mes cardiaques. Il s\u2019en \u00e9tait plaint, souligne ce dernier, il y a trois jours.<\/p>\n\n\n\n<p>Source &#8211; iGFM<\/p>\n","protected":false},"excerpt":{"rendered":"<p>Abdou Diallo, 52 ans, est d\u00e9c\u00e9d\u00e9 samedi \u00e0 Gueule Tap\u00e9e 2, un quartier de la localit\u00e9 de Sam Notaire \u00e0<\/p>\n","protected":false},"author":1,"featured_media":10484,"comment_status":"open","ping_status":"open","sticky":false,"template":"","format":"standard","meta":{"footnotes":""},"categories":[26],"tags":[],"class_list":["post-10483","post","type-post","status-publish","format-standard","has-post-thumbnail","hentry","category-fait-divers"],"_links":{"self":[{"href":"https:\/\/dekkbi.com\/index.php?rest_route=\/wp\/v2\/posts\/10483","targetHints":{"allow":["GET"]}}],"collection":[{"href":"https:\/\/dekkbi.com\/index.php?rest_route=\/wp\/v2\/posts"}],"about":[{"href":"https:\/\/dekkbi.com\/index.php?rest_route=\/wp\/v2\/types\/post"}],"author":[{"embeddable":true,"href":"https:\/\/dekkbi.com\/index.php?rest_route=\/wp\/v2\/users\/1"}],"replies":[{"embeddable":true,"href":"https:\/\/dekkbi.com\/index.php?rest_route=%2Fwp%2Fv2%2Fcomments&post=10483"}],"version-history":[{"count":1,"href":"https:\/\/dekkbi.com\/index.php?rest_route=\/wp\/v2\/posts\/10483\/revisions"}],"predecessor-version":[{"id":10485,"href":"https:\/\/dekkbi.com\/index.php?rest_route=\/wp\/v2\/posts\/10483\/revisions\/10485"}],"wp:featuredmedia":[{"embeddable":true,"href":"https:\/\/dekkbi.com\/index.php?rest_route=\/wp\/v2\/media\/10484"}],"wp:attachment":[{"href":"https:\/\/dekkbi.com\/index.php?rest_route=%2Fwp%2Fv2%2Fmedia&parent=10483"}],"wp:term":[{"taxonomy":"category","embeddable":true,"href":"https:\/\/dekkbi.com\/index.php?rest_route=%2Fwp%2Fv2%2Fcategories&post=10483"},{"taxonomy":"post_tag","embeddable":true,"href":"https:\/\/dekkbi.com\/index.php?rest_route=%2Fwp%2Fv2%2Ftags&post=10483"}],"curies":[{"name":"wp","href":"https:\/\/api.w.org\/{rel}","templated":true}]}}