{"id":10445,"date":"2023-04-17T09:53:54","date_gmt":"2023-04-17T09:53:54","guid":{"rendered":"https:\/\/dekkbi.com\/?p=10445"},"modified":"2023-04-17T09:53:55","modified_gmt":"2023-04-17T09:53:55","slug":"au-japon-le-g7-tient-la-chine-dans-le-viseur","status":"publish","type":"post","link":"https:\/\/dekkbi.com\/?p=10445","title":{"rendered":"Au Japon, le G7 tient la Chine dans le viseur"},"content":{"rendered":"\n<p>Arriv\u00e9s d\u00e8s dimanche soir dans la station de ski hupp\u00e9e de Karuizawa, \u00e0 une centaine de kilom\u00e8tres de Tokyo, les ministres des Affaires \u00e9trang\u00e8res des grands pays industrialis\u00e9s doivent consacrer une bonne part de leurs discussions \u00e0 la mont\u00e9e en puissance de la Chine, et afficher leur soutien continu \u00e0 l&rsquo;Ukraine face \u00e0 la Russie.<\/p>\n\n\n\n<p>La pr\u00e9sidence japonaise du G7 (France, Japon, Etats-Unis, Canada, Allemagne, Italie, Royaume-Uni) a clairement affich\u00e9 la couleur en organisant d\u00e8s dimanche soir un d\u00eener \u00e0 huis clos sur la Chine et la Cor\u00e9e du Nord.<\/p>\n\n\n\n<p>Les ministres y ont condamn\u00e9 les r\u00e9cents tirs de missiles nord-cor\u00e9ens et r\u00e9affirm\u00e9 \u00ab\u00a0la forte d\u00e9termination du G7 de n&rsquo;accepter aucune tentative de changer le statu quo par la force\u00a0\u00bb, selon un compte rendu de la r\u00e9union.<\/p>\n\n\n\n<p><a><\/a><a href=\"https:\/\/information.tv5monde.com\/info\/au-japon-le-g7-tient-la-chine-dans-le-viseur-495532#photo1\"><\/a><a href=\"https:\/\/information.tv5monde.com\/video\/jpg\/cff0b6c9-3626-4d72-bff1-6e0205bad83a.jpg\"><\/a><a href=\"https:\/\/information.tv5monde.com\/video\/qt-hi\/cff0b6c9-3626-4d72-bff1-6e0205bad83a.640x360.mp4\"><\/a>Comme un rappel des tensions avec la Chine sur la question ta\u00efwanaise, un destroyer am\u00e9ricain a navigu\u00e9 dimanche dans le d\u00e9troit de Ta\u00efwan, o\u00f9 P\u00e9kin, qui revendique l&rsquo;\u00eele comme faisant partie de son territoire, avait r\u00e9cemment organis\u00e9 de vastes exercices militaires.<\/p>\n\n\n\n<p>Une nouvelle session de travail lundi matin a \u00e9t\u00e9 consacr\u00e9e \u00e0 l&rsquo;Asie-Pacifique, suivie par l&rsquo;Ukraine avant que les ministres ne se penchent dans l&rsquo;apr\u00e8s-midi sur le \u00ab\u00a0Grand Sud\u00a0\u00bb.<\/p>\n\n\n\n<p>\u00ab\u00a0La communaut\u00e9 internationale est \u00e0 pr\u00e9sent \u00e0 un tournant historique\u00a0\u00bb, a plaid\u00e9 lundi le ministre japonais Yoshimasa Hayashi, en soulignant que le G7 entendait \u00ab\u00a0rejeter cat\u00e9goriquement toute tentative unilat\u00e9rale de changer le statu quo par la force\u00a0\u00bb, en Ukraine ou ailleurs.<\/p>\n\n\n\n<p>&#8211; \u00ab\u00a0Autonomie strat\u00e9gique\u00a0\u00bb &#8211;<\/p>\n\n\n\n<p>Les Etats-Unis ont soulign\u00e9 volontiers ces derniers mois la \u00ab\u00a0convergence de vues\u00a0\u00bb de plus en plus forte entre Am\u00e9ricains et Europ\u00e9ens \u00e0 propos de la Chine.<\/p>\n\n\n\n<p>Si convergence il y a, elle est cependant loin d&rsquo;\u00eatre parfaite comme l&rsquo;ont d\u00e9montr\u00e9 les r\u00e9cents propos du pr\u00e9sident fran\u00e7ais, qui en revenant d&rsquo;une visite en Chine a d\u00e9fendu dans une interview la n\u00e9cessit\u00e9 d&rsquo;une \u00ab\u00a0autonomie strat\u00e9gique\u00a0\u00bb europ\u00e9enne face au risque de voir l&rsquo;UE entra\u00een\u00e9e dans un conflit entre Washington et P\u00e9kin, notamment sur la question de Ta\u00efwan.<\/p>\n\n\n\n<p>\u00ab\u00a0Un certain nombre des ministres pr\u00e9sents ici se sont rendus \u00e0 P\u00e9kin r\u00e9cemment et je pense qu&rsquo;ils vont vouloir partager leurs exp\u00e9riences l\u00e0-bas, la nature de leurs discussions\u00a0\u00bb, a relev\u00e9 dimanche un haut responsable am\u00e9ricain, sans faire directement allusion au d\u00e9placement du pr\u00e9sident fran\u00e7ais en Chine.<\/p>\n\n\n\n<p>\u00ab\u00a0Mais, globalement, je pense que ce que vous verrez \u00e0 nouveau refl\u00e9t\u00e9 ici, c&rsquo;est une pr\u00e9occupation collective concernant un certain nombre d&rsquo;actions prises par la Chine\u00a0\u00bb, a-t-il poursuivi, faisant valoir la n\u00e9cessit\u00e9 de \u00ab\u00a0s&rsquo;assurer que nous sommes pleinement align\u00e9s sur une approche concert\u00e9e et commune\u00a0\u00bb.<\/p>\n\n\n\n<p><a><\/a><a href=\"https:\/\/information.tv5monde.com\/info\/au-japon-le-g7-tient-la-chine-dans-le-viseur-495532#photo3\"><\/a><a href=\"https:\/\/information.tv5monde.com\/video\/jpg\/05b62900-5440-4563-a06b-cffa5fd44250.jpg\"><\/a><a href=\"https:\/\/information.tv5monde.com\/video\/qt-hi\/05b62900-5440-4563-a06b-cffa5fd44250.640x360.mp4\"><\/a>Publiquement, les responsables am\u00e9ricains y compris le secr\u00e9taire d&rsquo;Etat Antony Blinken, arriv\u00e9 dimanche \u00e0 Karuizawa en provenance du Vietnam, se sont gard\u00e9s de mettre de l&rsquo;huile sur le feu, au contraire d&rsquo;une certaine exasp\u00e9ration affich\u00e9e par des pays europ\u00e9ens comme la Pologne.<\/p>\n\n\n\n<p>Paris s&rsquo;est de son c\u00f4t\u00e9 efforc\u00e9 de d\u00e9samorcer la pol\u00e9mique, la ministre fran\u00e7aise Catherine Colonna indiquant notamment la semaine derni\u00e8re \u00e0 l&rsquo;agence japonaise Kyodo que \u00ab\u00a0la France est profond\u00e9ment attach\u00e9e au respect du statu quo, ainsi qu&rsquo;\u00e0 la pr\u00e9servation de la paix et de la stabilit\u00e9 entre les deux rives du d\u00e9troit\u00a0\u00bb de Ta\u00efwan.<\/p>\n\n\n\n<p>&#8211; Consensus &#8211;<\/p>\n\n\n\n<p>Le sujet pourrait \u00eatre abord\u00e9 lors d&rsquo;une rencontre bilat\u00e9rale lundi soir, en marge du G7, entre M. Blinken et Mme Colonna, qui ont tous deux f\u00eat\u00e9 leurs anniversaires dimanche, savourant une tarte aux pommes offerte par leur h\u00f4te japonais.<\/p>\n\n\n\n<p>Des experts soulignent cependant la difficult\u00e9 d&rsquo;obtenir un consensus.<\/p>\n\n\n\n<p>\u00ab\u00a0Les Europ\u00e9ens se sont rapproch\u00e9s des positions d\u00e9fendues par les Etats-Unis vis-\u00e0-vis de la Chine et Ta\u00efwan. Pour autant, cela n&rsquo;a pas d\u00e9bouch\u00e9 sur un consensus\u00a0\u00bb, constate Jacques deLisle, du Foreign Policy Research Institute, d&rsquo;autant qu&rsquo;il y a des \u00ab\u00a0diff\u00e9rences aussi parmi les Europ\u00e9ens eux-m\u00eames\u00a0\u00bb.<\/p>\n\n\n\n<p>\u00ab\u00a0Notre position est la politique d&rsquo;une seule Chine, nous la respectons et nous continuerons \u00e0 la soutenir, mais nous voulons d\u00e9samorcer les tensions et tout changement par la force sera inacceptable\u00a0\u00bb, a affirm\u00e9 pour sa part par vid\u00e9oconf\u00e9rence le chef de la diplomatie europ\u00e9enne, Josep Borrell, absent au Japon pour cause de Covid-19.<\/p>\n\n\n\n<p>Dans son entourage, on insiste sur la volont\u00e9 des Europ\u00e9ens de r\u00e9duire leurs d\u00e9pendances comme ils ont pu le faire vis-\u00e0-vis de l&rsquo;\u00e9nergie russe.<\/p>\n\n\n\n<p>\u00ab\u00a0Autonomie strat\u00e9gique, vous appelez \u00e7a comme vous voulez. Le fait est que nous devons avoir les moyens de nous prot\u00e9ger contre nos vuln\u00e9rabilit\u00e9s\u00a0\u00bb, r\u00e9sume ainsi un responsable europ\u00e9en.<video preload=\"auto\" src=\"https:\/\/information.tv5monde.com\/sites\/info.tv5monde.com\/files\/jwplayerfield\/cff0b6c9-3626-4d72-bff1-6e0205bad83a.640x360.mp4\"><\/video>Lire la vid\u00e9o<\/p>\n\n\n\n<p>Par L\u00e9on BRUNEAU, Mathias CENA<\/p>\n\n\n\n<p><a href=\"https:\/\/information.tv5monde.com\/auteur\/afp\">AFP<\/a><\/p>\n","protected":false},"excerpt":{"rendered":"<p>Arriv\u00e9s d\u00e8s dimanche soir dans la station de ski hupp\u00e9e de Karuizawa, \u00e0 une centaine de kilom\u00e8tres de Tokyo, les<\/p>\n","protected":false},"author":1,"featured_media":10446,"comment_status":"open","ping_status":"open","sticky":false,"template":"","format":"standard","meta":{"footnotes":""},"categories":[3],"tags":[],"class_list":["post-10445","post","type-post","status-publish","format-standard","has-post-thumbnail","hentry","category-event-more-news"],"_links":{"self":[{"href":"https:\/\/dekkbi.com\/index.php?rest_route=\/wp\/v2\/posts\/10445","targetHints":{"allow":["GET"]}}],"collection":[{"href":"https:\/\/dekkbi.com\/index.php?rest_route=\/wp\/v2\/posts"}],"about":[{"href":"https:\/\/dekkbi.com\/index.php?rest_route=\/wp\/v2\/types\/post"}],"author":[{"embeddable":true,"href":"https:\/\/dekkbi.com\/index.php?rest_route=\/wp\/v2\/users\/1"}],"replies":[{"embeddable":true,"href":"https:\/\/dekkbi.com\/index.php?rest_route=%2Fwp%2Fv2%2Fcomments&post=10445"}],"version-history":[{"count":1,"href":"https:\/\/dekkbi.com\/index.php?rest_route=\/wp\/v2\/posts\/10445\/revisions"}],"predecessor-version":[{"id":10447,"href":"https:\/\/dekkbi.com\/index.php?rest_route=\/wp\/v2\/posts\/10445\/revisions\/10447"}],"wp:featuredmedia":[{"embeddable":true,"href":"https:\/\/dekkbi.com\/index.php?rest_route=\/wp\/v2\/media\/10446"}],"wp:attachment":[{"href":"https:\/\/dekkbi.com\/index.php?rest_route=%2Fwp%2Fv2%2Fmedia&parent=10445"}],"wp:term":[{"taxonomy":"category","embeddable":true,"href":"https:\/\/dekkbi.com\/index.php?rest_route=%2Fwp%2Fv2%2Fcategories&post=10445"},{"taxonomy":"post_tag","embeddable":true,"href":"https:\/\/dekkbi.com\/index.php?rest_route=%2Fwp%2Fv2%2Ftags&post=10445"}],"curies":[{"name":"wp","href":"https:\/\/api.w.org\/{rel}","templated":true}]}}