{"id":10443,"date":"2023-04-17T09:47:00","date_gmt":"2023-04-17T09:47:00","guid":{"rendered":"https:\/\/dekkbi.com\/?p=10443"},"modified":"2023-04-17T09:47:02","modified_gmt":"2023-04-17T09:47:02","slug":"il-doit-sortir-du-deni-macron-va-sadresser-aux-francais-pour-eviter-le-chaos","status":"publish","type":"post","link":"https:\/\/dekkbi.com\/?p=10443","title":{"rendered":"Il doit \u201csortir du d\u00e9ni\u201d: Macron va s\u2019adresser aux Fran\u00e7ais pour \u00e9viter le \u201cchaos\u201d"},"content":{"rendered":"\n<p>Quelle suite pour le quinquennat? Emmanuel Macron s\u2019adresse aux Fran\u00e7ais lundi \u00e0 20H00 pour donner ses perspectives apr\u00e8s la promulgation de la r\u00e9forme des retraites, dans une atmosph\u00e8re de crise politique persistante et avec des syndicats tourn\u00e9s vers le 1er mai.<\/p>\n\n\n\n<p>Le pr\u00e9sident de la R\u00e9publique n\u2019a pas promulgu\u00e9 la r\u00e9forme des retraites en direct \u00e0 la t\u00e9l\u00e9vision, comme il l\u2019avait fait pour les premi\u00e8res r\u00e9formes embl\u00e9matiques de son premier mandat en 2017. Pour autant, Emmanuel Macron n\u2019a pas tra\u00een\u00e9.<\/p>\n\n\n\n<p>La publication au Journal officiel quelques heures \u00e0 peine apr\u00e8s sa validation partielle par le Conseil constitutionnel a \u00e9t\u00e9 v\u00e9cue comme une nouvelle provocation par les opposants. \u201cJusqu\u2019au bout, le m\u00e9pris\u201d, a jug\u00e9 le patron de la CFDT, Laurent Berger.<\/p>\n\n\n\n<h2 class=\"wp-block-heading\">\u201cDe la col\u00e8re dans les t\u00eates et dans les coeurs\u201d<\/h2>\n\n\n\n<p>Une mani\u00e8re aussi de signifier que l\u2019allocution de lundi, retransmise sur les principales cha\u00eenes de t\u00e9l\u00e9vision, devrait \u00eatre tourn\u00e9e vers la suite du quinquennat. Or, pour recoller les morceaux apr\u00e8s trois mois d\u2019intense crise sociale, et avec un ex\u00e9cutif abim\u00e9 par l\u2019emploi du 49.3 et toujours priv\u00e9 de majorit\u00e9 \u00e0 l\u2019Assembl\u00e9e, la t\u00e2che s\u2019annonce immense.<\/p>\n\n\n\n<p>\u201cLe pr\u00e9sident souhaite pouvoir \u00e0 cette occasion avoir un message pour les Fran\u00e7ais, alors que s\u2019ach\u00e8ve ce moment autour de la r\u00e9forme des retraites qui sans doute laisse de la col\u00e8re dans les t\u00eates et dans les coeurs\u201d, explique-t-on dans son entourage.<\/p>\n\n\n\n<p>Des appels des opposants \u00e0 la r\u00e9forme ont justement fleuri sur les r\u00e9seaux sociaux pour des concerts de casseroles et des rassemblements devant mairies ou pr\u00e9fectures \u00e0 20H00.<\/p>\n\n\n\n<h2 class=\"wp-block-heading\">\u201cNous ne sommes pas pr\u00eats \u00e0 passer \u00e0 autre chose\u201d<\/h2>\n\n\n\n<p>Emmanuel Macron, qui recevra dans l\u2019apr\u00e8s-midi ministres et responsables de la majorit\u00e9, veut devant les Fran\u00e7ais \u201ctracer des perspectives pour les semaines et les mois \u00e0 venir\u201d et \u201centend esquisser les chantiers\u201d, poursuit son entourage. Il s\u2019agit de \u201cr\u00e9affirmer le cap qui est le sien &#8211;ordre r\u00e9publicain, plein emploi et r\u00e9industrialisation, progr\u00e8s au quotidien&#8211; mais aussi redonner une coh\u00e9rence d\u2019ensemble \u00e0 son action\u201d.<\/p>\n\n\n\n<p>\u201cNous ne sommes pas pr\u00eats \u00e0 passer \u00e0 autre chose\u201d, a averti sur Public S\u00e9nat le patron du PS Olivier Faure.<\/p>\n\n\n\n<h2 class=\"wp-block-heading\">Vite \u201c\u00e9changer avec les Fran\u00e7ais\u201d<\/h2>\n\n\n\n<p>Le pr\u00e9sident de la R\u00e9publique devrait aussi rapidement ressortir de l\u2019\u00c9lys\u00e9e pour \u201c\u00e9changer avec les Fran\u00e7ais\u201d. Un ministre expliquait, la semaine derni\u00e8re, souhaiter \u201cque Macron passe plus de temps sur le terrain\u201d.<\/p>\n\n\n\n<p>Un d\u00e9placement pourrait intervenir mercredi ou jeudi, sur le th\u00e8me de l\u2019\u00e9ducation.<\/p>\n\n\n\n<h2 class=\"wp-block-heading\">\u201cOn ne peut pas passer l\u2019\u00e9ponge\u201d<\/h2>\n\n\n\n<p>L\u2019invitation lanc\u00e9e pour mardi aux partenaires sociaux est maintenue, malgr\u00e9 la fin de non-recevoir d\u2019une intersyndicale peu dispos\u00e9e \u00e0 coller \u00e0 l\u2019agenda pr\u00e9sidentiel. \u201cOn ne peut pas passer l\u2019\u00e9ponge\u201d, a expliqu\u00e9 sur France 2 Laurent Berger, soulignant que \u201cle monde du travail est encore choqu\u00e9\u201d et r\u00e9clamant un \u201cd\u00e9lai de d\u00e9cence\u201d.<\/p>\n\n\n\n<p>L\u2019heure est plut\u00f4t \u00e0 tenter une d\u00e9monstration de force lors du traditionnel rendez-vous du 1er mai. \u201cUn raz-de-mar\u00e9e populaire et historique\u201d, a souhait\u00e9 la nouvelle leader de la CGT, Sophie Binet, quand le patron de la CFDT \u201csouhaite que le 1er mai, on \u2018casse la baraque\u2019 en nombre de manifestants dans la rue\u201d.<\/p>\n\n\n\n<p>Un 1er mai unitaire serait une premi\u00e8re depuis 2002, quelques jours apr\u00e8s le fameux 21 avril qui avait vu un candidat de l\u2019extr\u00eame droite &#8211;alors Jean-Marie Le Pen&#8211; acc\u00e9der pour la premi\u00e8re fois au second tour de l\u2019\u00e9lection pr\u00e9sidentielle.<\/p>\n\n\n\n<p>En attendant, les quatre syndicats repr\u00e9sentatifs de la SNCF appellent \u00e0 une \u201cjourn\u00e9e d\u2019expression de la col\u00e8re cheminote\u201d jeudi.<\/p>\n\n\n\n<h2 class=\"wp-block-heading\">Trois solutions: r\u00e9f\u00e9rendum, dissolution ou d\u00e9mission<\/h2>\n\n\n\n<p>Relancer la machine sera d\u2019autant plus difficile que l\u2019ex\u00e9cutif et la majorit\u00e9 ressortent \u00e9branl\u00e9s de la s\u00e9quence. \u201cNous sommes d\u00e9termin\u00e9s \u00e0 acc\u00e9l\u00e9rer\u201d tout en voulant \u201capaiser le pays\u201d, a d\u00e9clar\u00e9 samedi la Premi\u00e8re ministre Elisabeth Borne.<\/p>\n\n\n\n<p>\u201cJe trouve le pays inquiet, en col\u00e8re aussi, il faut entendre cette col\u00e8re\u201d, met en garde la pr\u00e9sidente de l\u2019Assembl\u00e9e nationale Ya\u00ebl Braun-Pivet.<\/p>\n\n\n\n<p>\u201cUne Premi\u00e8re ministre totalement carbonis\u00e9e, un gouvernement d\u00e9cr\u00e9dibilis\u00e9\u201d, a jug\u00e9 la leader du Rassemblement national Marine Le Pen, pour qui le chef de l\u2019\u00c9tat a trois solutions: r\u00e9f\u00e9rendum, dissolution&#8230; ou d\u00e9mission.<\/p>\n\n\n\n<h2 class=\"wp-block-heading\">\u201cSortir du d\u00e9ni\u201d<\/h2>\n\n\n\n<p>Une coalition avec la droite, \u00e9voqu\u00e9e depuis la perte de la majorit\u00e9 absolue \u00e0 l\u2019Assembl\u00e9e en juin 2022, semble toujours aussi improbable. Pareille hypoth\u00e8se suppose \u201cun programme et un leader, et LR n\u2019a ni programme, ni leader\u201d, cingle le patron du parti pr\u00e9sidentiel Renaissance St\u00e9phane S\u00e9journ\u00e9.<\/p>\n\n\n\n<p>\u201cEst-ce que l\u2019absence de majorit\u00e9 absolue nous emp\u00eache de faire les r\u00e9formes? Manifestement non\u201d, \u00e9vacue un conseiller de l\u2019ex\u00e9cutif.<\/p>\n\n\n\n<p>Mais pour le LR Xavier Bertrand, le pr\u00e9sident doit \u201csortir du d\u00e9ni\u201d sur son absence de majorit\u00e9 et mettre \u201cun terme \u00e0 toute cette tension\u201d dans le pays, sous peine de sombrer dans \u201cun chaos\u201d.<\/p>\n\n\n\n<h2 class=\"wp-block-heading\">SOURCE 7SUR7<\/h2>\n","protected":false},"excerpt":{"rendered":"<p>Quelle suite pour le quinquennat? Emmanuel Macron s\u2019adresse aux Fran\u00e7ais lundi \u00e0 20H00 pour donner ses perspectives apr\u00e8s la promulgation<\/p>\n","protected":false},"author":1,"featured_media":9084,"comment_status":"open","ping_status":"open","sticky":false,"template":"","format":"standard","meta":{"footnotes":""},"categories":[51],"tags":[],"class_list":["post-10443","post","type-post","status-publish","format-standard","has-post-thumbnail","hentry","category-general"],"_links":{"self":[{"href":"https:\/\/dekkbi.com\/index.php?rest_route=\/wp\/v2\/posts\/10443","targetHints":{"allow":["GET"]}}],"collection":[{"href":"https:\/\/dekkbi.com\/index.php?rest_route=\/wp\/v2\/posts"}],"about":[{"href":"https:\/\/dekkbi.com\/index.php?rest_route=\/wp\/v2\/types\/post"}],"author":[{"embeddable":true,"href":"https:\/\/dekkbi.com\/index.php?rest_route=\/wp\/v2\/users\/1"}],"replies":[{"embeddable":true,"href":"https:\/\/dekkbi.com\/index.php?rest_route=%2Fwp%2Fv2%2Fcomments&post=10443"}],"version-history":[{"count":1,"href":"https:\/\/dekkbi.com\/index.php?rest_route=\/wp\/v2\/posts\/10443\/revisions"}],"predecessor-version":[{"id":10444,"href":"https:\/\/dekkbi.com\/index.php?rest_route=\/wp\/v2\/posts\/10443\/revisions\/10444"}],"wp:featuredmedia":[{"embeddable":true,"href":"https:\/\/dekkbi.com\/index.php?rest_route=\/wp\/v2\/media\/9084"}],"wp:attachment":[{"href":"https:\/\/dekkbi.com\/index.php?rest_route=%2Fwp%2Fv2%2Fmedia&parent=10443"}],"wp:term":[{"taxonomy":"category","embeddable":true,"href":"https:\/\/dekkbi.com\/index.php?rest_route=%2Fwp%2Fv2%2Fcategories&post=10443"},{"taxonomy":"post_tag","embeddable":true,"href":"https:\/\/dekkbi.com\/index.php?rest_route=%2Fwp%2Fv2%2Ftags&post=10443"}],"curies":[{"name":"wp","href":"https:\/\/api.w.org\/{rel}","templated":true}]}}