{"id":10412,"date":"2023-04-17T08:54:15","date_gmt":"2023-04-17T08:54:15","guid":{"rendered":"https:\/\/dekkbi.com\/?p=10412"},"modified":"2023-04-17T08:54:17","modified_gmt":"2023-04-17T08:54:17","slug":"presidentielle-2024-des-leaders-de-lopposition-et-de-la-societe-civile-mettent-sur-pied-le-mouvement-forces-vives-du-senegal-f24","status":"publish","type":"post","link":"https:\/\/dekkbi.com\/?p=10412","title":{"rendered":"Pr\u00e9sidentielle 2024\u00a0: des leaders de l\u2019opposition et de la soci\u00e9t\u00e9 civile mettent sur pied le Mouvement forces vives du S\u00e9n\u00e9gal F24"},"content":{"rendered":"\n<p><strong>Dakar,  (APS) \u2013 Le Mouvement forces vives du S\u00e9n\u00e9gal F24 a \u00e9t\u00e9 lanc\u00e9 dimanche \u00e0 Dakar pour s\u2019opposer \u00e0 une candidature de Macky Sall \u00e0 l\u2019\u00e9lection pr\u00e9sidentielle de 2024 et obtenir la lib\u00e9ration des\u00a0\u2018\u2019d\u00e9tenus politiques\u2019\u2019, a appris l\u2019APS de son coordonnateur, Mamadou Mbodj.<\/strong><\/p>\n\n\n\n<p>La nouvelle structure r\u00e9unit \u2018\u2019112 entit\u00e9s\u2019\u2019, selon ses dirigeants. Il s\u2019agit de partis politiques et de coalitions de partis, ainsi que d\u2019organisations de la soci\u00e9t\u00e9 civile, dont la RADDHO et la LSDH, deux des principales associations de d\u00e9fense des droits de l\u2019homme au S\u00e9n\u00e9gal.<\/p>\n\n\n\n<p>Khalifa Sall, ancien maire de Dakar, Ousmane Sonko, maire de Ziguinchor (sud), Abdourahmane Diouf, le professeur Mary Teuw Niane, l\u2019ancienne Premi\u00e8re ministre Aminata Tour\u00e9 et l\u2019ancien ministre Cheikh Bamba Di\u00e8ye font partie de ses leaders.<\/p>\n\n\n\n<p>Le coordonnateur du Mouvement forces vives du S\u00e9n\u00e9gal F24, Mamadou Mbodj, est un professeur de philosophe \u00e0 la retraite. Docteur en sciences de l\u2019\u00e9ducation, M. Mbodj a dirig\u00e9 le M23, un mouvement de partis politiques, de syndicats et d\u2019organisations de la soci\u00e9t\u00e9 civile \u00e0 la pointe de la contestation de la candidature d\u2019Abdoulaye Wade \u00e0 l\u2019\u00e9lection pr\u00e9sidentielle de 2012.<\/p>\n\n\n\n<p>\u2018\u2019Le Mouvement forces vives du S\u00e9n\u00e9gal F24 [\u2026] a pour mission de mobiliser les citoyens s\u00e9n\u00e9galais pour obtenir [\u2026] le respect par le pr\u00e9sident Macky Sall de la Constitution et de la parole donn\u00e9e\u2019\u2019, \u00e9crivent ses leaders dans une d\u00e9claration parvenue \u00e0 l\u2019APS.<\/p>\n\n\n\n<p>Ils font allusion \u00e0 une promesse faite par l\u2019actuel chef de l\u2019Etat de ne plus se pr\u00e9senter \u00e0 l\u2019\u00e9lection pr\u00e9sidentielle, en vertu de la Constitution.<\/p>\n\n\n\n<p>Le Mouvement forces vives du S\u00e9n\u00e9gal F24 exige \u2018\u2019son renoncement \u00e0 pr\u00e9senter sa candidature pour un troisi\u00e8me mandat ill\u00e9gal et ill\u00e9gitime\u2019\u2019.<\/p>\n\n\n\n<p>Ses leaders r\u00e9clament aussi \u2018\u2019la suppression des articles [\u2026] du Code \u00e9lectoral et de tous les artifices juridico-politiques [\u2026] ayant emp\u00each\u00e9 et\/ou susceptibles de rendre in\u00e9ligibles des pr\u00e9tendants \u00e0 l\u2019\u00e9lection pr\u00e9sidentielle de 2024, en dehors de r\u00e8gles \u00e9tablies de mani\u00e8re consensuelle\u2019\u2019.<\/p>\n\n\n\n<p>Ils rejettent la loi instituant le parrainage des candidats \u00e0 l\u2019\u00e9lection pr\u00e9sidentielle.<\/p>\n\n\n\n<p>La nouvelle \u2018\u2019plate-forme\u2019\u2019 exige \u2018\u2019la lib\u00e9ration des d\u00e9tenus politiques et la cessation des interdictions des manifestations\u2019\u2019.<\/p>\n\n\n\n<p>Ses dirigeants appellent les pouvoirs publics s\u00e9n\u00e9galais \u00e0 \u2018\u2019la cr\u00e9ation de conditions optimales et consensuelles d\u2019une \u00e9lection pr\u00e9sidentielle apais\u00e9e, inclusive et transparente en 2024\u2019\u2019.<\/p>\n\n\n\n<p>Dans une interview donn\u00e9e \u00e0 l\u2019hebdomadaire fran\u00e7ais L\u2019Express, Macky Sall, sans dire s\u2019il fera acte de candidature ou pas en 2024, a d\u00e9clar\u00e9 avoir le droit de se pr\u00e9senter en vertu de la Constitution.<\/p>\n\n\n\n<p>Auparavant, dans un livre autobiographique, il a estim\u00e9 qu\u2019il exer\u00e7ait depuis 2019 le dernier des deux mandats auxquels il avait constitutionnellement droit.<\/p>\n\n\n\n<p>ESF<\/p>\n","protected":false},"excerpt":{"rendered":"<p>Dakar, (APS) \u2013 Le Mouvement forces vives du S\u00e9n\u00e9gal F24 a \u00e9t\u00e9 lanc\u00e9 dimanche \u00e0 Dakar pour s\u2019opposer \u00e0 une<\/p>\n","protected":false},"author":1,"featured_media":1931,"comment_status":"open","ping_status":"open","sticky":false,"template":"","format":"standard","meta":{"footnotes":""},"categories":[6],"tags":[],"class_list":["post-10412","post","type-post","status-publish","format-standard","has-post-thumbnail","hentry","category-politics"],"_links":{"self":[{"href":"https:\/\/dekkbi.com\/index.php?rest_route=\/wp\/v2\/posts\/10412","targetHints":{"allow":["GET"]}}],"collection":[{"href":"https:\/\/dekkbi.com\/index.php?rest_route=\/wp\/v2\/posts"}],"about":[{"href":"https:\/\/dekkbi.com\/index.php?rest_route=\/wp\/v2\/types\/post"}],"author":[{"embeddable":true,"href":"https:\/\/dekkbi.com\/index.php?rest_route=\/wp\/v2\/users\/1"}],"replies":[{"embeddable":true,"href":"https:\/\/dekkbi.com\/index.php?rest_route=%2Fwp%2Fv2%2Fcomments&post=10412"}],"version-history":[{"count":1,"href":"https:\/\/dekkbi.com\/index.php?rest_route=\/wp\/v2\/posts\/10412\/revisions"}],"predecessor-version":[{"id":10413,"href":"https:\/\/dekkbi.com\/index.php?rest_route=\/wp\/v2\/posts\/10412\/revisions\/10413"}],"wp:featuredmedia":[{"embeddable":true,"href":"https:\/\/dekkbi.com\/index.php?rest_route=\/wp\/v2\/media\/1931"}],"wp:attachment":[{"href":"https:\/\/dekkbi.com\/index.php?rest_route=%2Fwp%2Fv2%2Fmedia&parent=10412"}],"wp:term":[{"taxonomy":"category","embeddable":true,"href":"https:\/\/dekkbi.com\/index.php?rest_route=%2Fwp%2Fv2%2Fcategories&post=10412"},{"taxonomy":"post_tag","embeddable":true,"href":"https:\/\/dekkbi.com\/index.php?rest_route=%2Fwp%2Fv2%2Ftags&post=10412"}],"curies":[{"name":"wp","href":"https:\/\/api.w.org\/{rel}","templated":true}]}}