{"id":10410,"date":"2023-04-17T08:51:18","date_gmt":"2023-04-17T08:51:18","guid":{"rendered":"https:\/\/dekkbi.com\/?p=10410"},"modified":"2023-04-17T08:51:20","modified_gmt":"2023-04-17T08:51:20","slug":"cese-des-conseillers-reclament-la-demission-de-idy","status":"publish","type":"post","link":"https:\/\/dekkbi.com\/?p=10410","title":{"rendered":"CESE : Des conseillers r\u00e9clament la d\u00e9mission de Idy"},"content":{"rendered":"\n<p>Apr\u00e8s la sortie de Idrissa Seck vendredi dernier, les membres du Conseil \u00e9conomique social et environnemental (Cese) appartenant \u00e0 la coalition Benno Bok Yakaar ne veulent plus le voir \u00e0 la t\u00eate de leur institution.<\/p>\n\n\n\n<p>Les Conseilleurs du Cese, qui sont membres de la Coalition Benno Bok Yakaar, invitent Idrissa Seck, \u00e0 soumettre sa d\u00e9mission du poste de pr\u00e9sident du Cese. Ils lui demandent &nbsp;aussi de rendre les postes de ministres des Sports et de &nbsp;l&rsquo;\u00e9levage affect\u00e9s \u00e0 son parti. Les signataires de la d\u00e9claration parcourue par iGFM demandent \u00e9galement aux responsables de leur coalition de proc\u00e9der \u00e0 l&rsquo;exclusion de Idy de la conf\u00e9rence des leaders de Benno.<\/p>\n","protected":false},"excerpt":{"rendered":"<p>Apr\u00e8s la sortie de Idrissa Seck vendredi dernier, les membres du Conseil \u00e9conomique social et environnemental (Cese) appartenant \u00e0 la<\/p>\n","protected":false},"author":1,"featured_media":9283,"comment_status":"open","ping_status":"open","sticky":false,"template":"","format":"standard","meta":{"footnotes":""},"categories":[6],"tags":[],"class_list":["post-10410","post","type-post","status-publish","format-standard","has-post-thumbnail","hentry","category-politics"],"_links":{"self":[{"href":"https:\/\/dekkbi.com\/index.php?rest_route=\/wp\/v2\/posts\/10410","targetHints":{"allow":["GET"]}}],"collection":[{"href":"https:\/\/dekkbi.com\/index.php?rest_route=\/wp\/v2\/posts"}],"about":[{"href":"https:\/\/dekkbi.com\/index.php?rest_route=\/wp\/v2\/types\/post"}],"author":[{"embeddable":true,"href":"https:\/\/dekkbi.com\/index.php?rest_route=\/wp\/v2\/users\/1"}],"replies":[{"embeddable":true,"href":"https:\/\/dekkbi.com\/index.php?rest_route=%2Fwp%2Fv2%2Fcomments&post=10410"}],"version-history":[{"count":1,"href":"https:\/\/dekkbi.com\/index.php?rest_route=\/wp\/v2\/posts\/10410\/revisions"}],"predecessor-version":[{"id":10411,"href":"https:\/\/dekkbi.com\/index.php?rest_route=\/wp\/v2\/posts\/10410\/revisions\/10411"}],"wp:featuredmedia":[{"embeddable":true,"href":"https:\/\/dekkbi.com\/index.php?rest_route=\/wp\/v2\/media\/9283"}],"wp:attachment":[{"href":"https:\/\/dekkbi.com\/index.php?rest_route=%2Fwp%2Fv2%2Fmedia&parent=10410"}],"wp:term":[{"taxonomy":"category","embeddable":true,"href":"https:\/\/dekkbi.com\/index.php?rest_route=%2Fwp%2Fv2%2Fcategories&post=10410"},{"taxonomy":"post_tag","embeddable":true,"href":"https:\/\/dekkbi.com\/index.php?rest_route=%2Fwp%2Fv2%2Ftags&post=10410"}],"curies":[{"name":"wp","href":"https:\/\/api.w.org\/{rel}","templated":true}]}}