{"id":10401,"date":"2023-04-16T11:18:10","date_gmt":"2023-04-16T11:18:10","guid":{"rendered":"https:\/\/dekkbi.com\/?p=10401"},"modified":"2023-04-16T11:18:11","modified_gmt":"2023-04-16T11:18:11","slug":"allemagne-la-fin-du-nucleaire-et-apres","status":"publish","type":"post","link":"https:\/\/dekkbi.com\/?p=10401","title":{"rendered":"Allemagne : la fin du nucl\u00e9aire, et apr\u00e8s ?"},"content":{"rendered":"\n<p>Le nucl\u00e9aire, c\u2019est officiellement de l\u2019histoire ancienne. Samedi 15 avril, l\u2019Allemagne a dit adieu \u00e0 ses trois derniers r\u00e9acteurs nucl\u00e9aires, l\u2019aboutissement d\u2019une promesse controvers\u00e9e, engag\u00e9e de longue date. De quelles \u00e9nergies l&rsquo;Allemagne va-t-elle d\u00e9sormais d\u00e9pendre ? <\/p>\n\n\n\n<p>C\u2019est la fin de dix ann\u00e9es de tergiversations. Samedi 15 avril, \u00e0 minuit, les centrales d&rsquo;Isar 2, Neckarwestheim et Emsland ont \u00e9t\u00e9 d\u00e9finitivement d\u00e9connect\u00e9es du r\u00e9seau \u00e9lectrique. \u00ab\u00a0La fin d&rsquo;une \u00e8re\u00a0\u00bb, exprime l&rsquo;\u00e9nerg\u00e9ticien RWE.\u00a0\u00bbUne date historique\u00a0\u00bb\u00a0\u00bbEnfin, l&rsquo;\u00e9nergie nucl\u00e9aire appartient \u00e0 l&rsquo;histoire ! faisons de ce 15 avril une journ\u00e9e m\u00e9morable\u00a0\u00bb, se f\u00e9licitait samedi Greenpeace, \u00e0 la pointe de la lutte antinucl\u00e9aire. L&rsquo;ONG a d&rsquo;ailleurs organis\u00e9 \u00e0 cette occasion une c\u00e9l\u00e9bration d\u2019adieu au pied de la porte de Brandebourg \u00e0 Berlin. <\/p>\n\n\n\n<p> La sortie du nucl\u00e9aire\u00a0<em>\u00ab\u00a0arrive trop tard et non trop t\u00f4t\u00a0\u00bb<\/em>, a de son c\u00f4t\u00e9 lanc\u00e9 lors d&rsquo;un rassemblement, le d\u00e9put\u00e9 J\u00fcrgen Trittin, figure du parti des Verts.<\/p>\n\n\n\n<p>Le 15 avril est une&nbsp;<em>\u00ab\u00a0date historique\u00a0\u00bb<\/em>, a-t-il assur\u00e9. C&rsquo;est l&rsquo;aboutissement du combat men\u00e9 depuis plusieurs d\u00e9cennies par le puissant mouvement antinucl\u00e9aire allemand contre&nbsp;<em>\u00ab\u00a0une technologie dangereuse, non durable et co\u00fbteuse\u00a0\u00bb<\/em>.<\/p>\n","protected":false},"excerpt":{"rendered":"<p>Le nucl\u00e9aire, c\u2019est officiellement de l\u2019histoire ancienne. Samedi 15 avril, l\u2019Allemagne a dit adieu \u00e0 ses trois derniers r\u00e9acteurs nucl\u00e9aires,<\/p>\n","protected":false},"author":1,"featured_media":10270,"comment_status":"open","ping_status":"open","sticky":false,"template":"","format":"standard","meta":{"footnotes":""},"categories":[51],"tags":[],"class_list":["post-10401","post","type-post","status-publish","format-standard","has-post-thumbnail","hentry","category-general"],"_links":{"self":[{"href":"https:\/\/dekkbi.com\/index.php?rest_route=\/wp\/v2\/posts\/10401","targetHints":{"allow":["GET"]}}],"collection":[{"href":"https:\/\/dekkbi.com\/index.php?rest_route=\/wp\/v2\/posts"}],"about":[{"href":"https:\/\/dekkbi.com\/index.php?rest_route=\/wp\/v2\/types\/post"}],"author":[{"embeddable":true,"href":"https:\/\/dekkbi.com\/index.php?rest_route=\/wp\/v2\/users\/1"}],"replies":[{"embeddable":true,"href":"https:\/\/dekkbi.com\/index.php?rest_route=%2Fwp%2Fv2%2Fcomments&post=10401"}],"version-history":[{"count":1,"href":"https:\/\/dekkbi.com\/index.php?rest_route=\/wp\/v2\/posts\/10401\/revisions"}],"predecessor-version":[{"id":10402,"href":"https:\/\/dekkbi.com\/index.php?rest_route=\/wp\/v2\/posts\/10401\/revisions\/10402"}],"wp:featuredmedia":[{"embeddable":true,"href":"https:\/\/dekkbi.com\/index.php?rest_route=\/wp\/v2\/media\/10270"}],"wp:attachment":[{"href":"https:\/\/dekkbi.com\/index.php?rest_route=%2Fwp%2Fv2%2Fmedia&parent=10401"}],"wp:term":[{"taxonomy":"category","embeddable":true,"href":"https:\/\/dekkbi.com\/index.php?rest_route=%2Fwp%2Fv2%2Fcategories&post=10401"},{"taxonomy":"post_tag","embeddable":true,"href":"https:\/\/dekkbi.com\/index.php?rest_route=%2Fwp%2Fv2%2Ftags&post=10401"}],"curies":[{"name":"wp","href":"https:\/\/api.w.org\/{rel}","templated":true}]}}