{"id":10399,"date":"2023-04-16T11:11:47","date_gmt":"2023-04-16T11:11:47","guid":{"rendered":"https:\/\/dekkbi.com\/?p=10399"},"modified":"2023-04-16T11:11:48","modified_gmt":"2023-04-16T11:11:48","slug":"sonatel-les-travailleurs-deposent-un-preavis-de-greve","status":"publish","type":"post","link":"https:\/\/dekkbi.com\/?p=10399","title":{"rendered":"Sonatel : Les travailleurs d\u00e9posent un pr\u00e9avis de gr\u00e8ve"},"content":{"rendered":"\n<p>L\u2019Intersyndicale de la Sonatel tire \u00e0 boulets rouges sur son top management. Elle d\u00e9nonce l\u2019emprise de Orange sur la soci\u00e9t\u00e9 nationale. Un pr\u00e9avis de gr\u00e8ve a \u00e9t\u00e9 d\u00e9pos\u00e9, informe iGFM.\u00abCette emprise, que nous avons toujours combattue, de l&rsquo;actionnaire Orange aid\u00e9 par l&rsquo;Etat du S\u00e9n\u00e9gal, actionnaire pour des raisons purement capitalistes, frustre le client et m\u00e9contente le personnel. Cette mainmise fait de l&rsquo;Afrique une mine de francs Cfa \u00e0 exporter et \u00e0 transformer en euros pour la grande M\u00e9tropole. Voil\u00e0 la situation explosive de la gestion calamiteuse de la nouvelle \u00e9quipe dirigeante de Sonatel\u00bb, d\u00e9noncent les syndicalistes.Face \u00e0 la presse, l\u2019Intersyndicale, qui a annonc\u00e9 un pr\u00e9avis de gr\u00e8ve, a tenu \u00e0 tenir \u00e0 t\u00e9moin l&rsquo;opinion nationale et internationale sur quelques points. Elle dit \u00eatre contre tout capitalisme qui exploite l&rsquo;Homme au b\u00e9n\u00e9fice d&rsquo;une minorit\u00e9. Puis, les syndicalistes d\u00e9noncent \u00ab\u00e9nergiquement, l&rsquo;exploitation des jeunes dipl\u00f4m\u00e9s pay\u00e9s au rabais avec des emplois d&rsquo;int\u00e9rimaires par Sonatel\u00bb et appelle la Direction g\u00e9n\u00e9rale de Sonatel \u00e0 plus d&#8217;empathie et \u00e0 r\u00e9tablir un climat de confiance avec les clients qui souffrent.L\u2019Intersyndicale des travailleurs de la Sonatel a aussi tenu \u00e0 avertir la Direction g\u00e9n\u00e9rale de Sonatel et de son Conseil d&rsquo;administration que \u00able personnel ne sera jamais une variable d&rsquo;ajustement pour les int\u00e9r\u00eats d&rsquo;Orange et de l&rsquo;Etat actionnaire principalement\u00bb.Elle a r\u00e9affirm\u00e9 sa d\u00e9termination \u00e0 continuer la lutte sous toutes ses formes l\u00e9gales, \u00abafin de r\u00e9tablir une juste r\u00e9partition des fruits de la croissance de Sonatel entre les clients, le personnel et les actionnaires\u00bb.<\/p>\n\n\n\n<p>Nd\u00e8ye Fatou K\u00e9b\u00e9 LERAL<\/p>\n","protected":false},"excerpt":{"rendered":"<p>L\u2019Intersyndicale de la Sonatel tire \u00e0 boulets rouges sur son top management. Elle d\u00e9nonce l\u2019emprise de Orange sur la soci\u00e9t\u00e9<\/p>\n","protected":false},"author":1,"featured_media":6329,"comment_status":"open","ping_status":"open","sticky":false,"template":"","format":"standard","meta":{"footnotes":""},"categories":[26],"tags":[],"class_list":["post-10399","post","type-post","status-publish","format-standard","has-post-thumbnail","hentry","category-fait-divers"],"_links":{"self":[{"href":"https:\/\/dekkbi.com\/index.php?rest_route=\/wp\/v2\/posts\/10399","targetHints":{"allow":["GET"]}}],"collection":[{"href":"https:\/\/dekkbi.com\/index.php?rest_route=\/wp\/v2\/posts"}],"about":[{"href":"https:\/\/dekkbi.com\/index.php?rest_route=\/wp\/v2\/types\/post"}],"author":[{"embeddable":true,"href":"https:\/\/dekkbi.com\/index.php?rest_route=\/wp\/v2\/users\/1"}],"replies":[{"embeddable":true,"href":"https:\/\/dekkbi.com\/index.php?rest_route=%2Fwp%2Fv2%2Fcomments&post=10399"}],"version-history":[{"count":1,"href":"https:\/\/dekkbi.com\/index.php?rest_route=\/wp\/v2\/posts\/10399\/revisions"}],"predecessor-version":[{"id":10400,"href":"https:\/\/dekkbi.com\/index.php?rest_route=\/wp\/v2\/posts\/10399\/revisions\/10400"}],"wp:featuredmedia":[{"embeddable":true,"href":"https:\/\/dekkbi.com\/index.php?rest_route=\/wp\/v2\/media\/6329"}],"wp:attachment":[{"href":"https:\/\/dekkbi.com\/index.php?rest_route=%2Fwp%2Fv2%2Fmedia&parent=10399"}],"wp:term":[{"taxonomy":"category","embeddable":true,"href":"https:\/\/dekkbi.com\/index.php?rest_route=%2Fwp%2Fv2%2Fcategories&post=10399"},{"taxonomy":"post_tag","embeddable":true,"href":"https:\/\/dekkbi.com\/index.php?rest_route=%2Fwp%2Fv2%2Ftags&post=10399"}],"curies":[{"name":"wp","href":"https:\/\/api.w.org\/{rel}","templated":true}]}}