{"id":10338,"date":"2023-04-15T09:52:14","date_gmt":"2023-04-15T09:52:14","guid":{"rendered":"https:\/\/dekkbi.com\/?p=10338"},"modified":"2023-04-15T09:52:15","modified_gmt":"2023-04-15T09:52:15","slug":"france-emmanuel-macron-promulgue-officiellement-la-reforme-des-retraites","status":"publish","type":"post","link":"https:\/\/dekkbi.com\/?p=10338","title":{"rendered":"France: Emmanuel Macron promulgue officiellement la r\u00e9forme des retraites"},"content":{"rendered":"\n<p>RFI &#8211; <div>Apr\u00e8s la validation de l\u2019essentiel du texte par le Conseil constitutionnel vendredi, la r\u00e9forme des retraites a \u00e9t\u00e9 promulgu\u00e9e tr\u00e8s t\u00f4t dans la nuit du vendredi \u00e0 ce samedi 15 avril au Journal officiel. Emmanuel Macron a appos\u00e9 sa signature malgr\u00e9 les appels des syndicats, toujours mobilis\u00e9s contre la r\u00e9forme, \u00e0 la temporisation<\/div> <\/p>\n\n\n\n<p> Elle figure d\u00e9sormais au Journal officiel en France. L&rsquo;impopulaire r\u00e9forme des retraites, avec sa mesure phare de recul de l&rsquo;\u00e2ge de d\u00e9part \u00e0 64 ans, a \u00e9t\u00e9 promulgu\u00e9e samedi matin. Le dernier \u00e9pisode en date d\u2019un feuilleton l\u00e9gislatif et social qui agite le pays depuis plusieurs semaines, entre d\u00e9bats houleux au Parlement, grogne sociale et d\u00e9cisions politiques importantes..<\/p>\n\n\n\n<p> Apr\u00e8s la d\u00e9cision du Conseil constitutionnel vendredi, qui a valid\u00e9 l\u2019essentiel de la r\u00e9forme, les syndicats avaient demand\u00e9 \u00ab solennellement \u00bb au pr\u00e9sident fran\u00e7ais de \u00ab ne pas promulguer la loi \u00bb. Laurent Berger de la CFDT avait \u00e9voqu\u00e9 un \u00ab d\u00e9lai de d\u00e9cence \u00bb. La demande des syndicats est rest\u00e9e lettre morte : en promulguant le texte dans la nuit au Journal officiel, le chef de l\u2019\u00c9tat a oppos\u00e9 une fin de non-recevoir.<\/p>\n\n\n\n<p> Emmanuel Macron  veut \u00ab avancer \u00bb. Entre temporiser et continuer sur sa voie, il a opt\u00e9 pour la seconde option, comme cela \u00e9tait pressenti vendredi apr\u00e8s la d\u00e9cision du Conseil constitutionnel. L\u2019\u00c9lys\u00e9e avait fait savoir qu\u2019une promulgation \u00e9tait attendue \u00ab dans les prochains jours \u00bb, tout en rappelant que, depuis 2017, l&rsquo;usage \u00e9tait de promulguer toutes les lois le lendemain ou le surlendemain. Un responsable de la majorit\u00e9 avait gliss\u00e9 : \u00ab Il faut aller vite, promulguer dans les 48 heures. \u00bb Dont acte, avec un timing tr\u00e8s rapide.<\/p>\n","protected":false},"excerpt":{"rendered":"<p>RFI &#8211; Apr\u00e8s la validation de l\u2019essentiel du texte par le Conseil constitutionnel vendredi, la r\u00e9forme des retraites a \u00e9t\u00e9<\/p>\n","protected":false},"author":1,"featured_media":9084,"comment_status":"open","ping_status":"open","sticky":false,"template":"","format":"standard","meta":{"footnotes":""},"categories":[6],"tags":[],"class_list":["post-10338","post","type-post","status-publish","format-standard","has-post-thumbnail","hentry","category-politics"],"_links":{"self":[{"href":"https:\/\/dekkbi.com\/index.php?rest_route=\/wp\/v2\/posts\/10338","targetHints":{"allow":["GET"]}}],"collection":[{"href":"https:\/\/dekkbi.com\/index.php?rest_route=\/wp\/v2\/posts"}],"about":[{"href":"https:\/\/dekkbi.com\/index.php?rest_route=\/wp\/v2\/types\/post"}],"author":[{"embeddable":true,"href":"https:\/\/dekkbi.com\/index.php?rest_route=\/wp\/v2\/users\/1"}],"replies":[{"embeddable":true,"href":"https:\/\/dekkbi.com\/index.php?rest_route=%2Fwp%2Fv2%2Fcomments&post=10338"}],"version-history":[{"count":1,"href":"https:\/\/dekkbi.com\/index.php?rest_route=\/wp\/v2\/posts\/10338\/revisions"}],"predecessor-version":[{"id":10339,"href":"https:\/\/dekkbi.com\/index.php?rest_route=\/wp\/v2\/posts\/10338\/revisions\/10339"}],"wp:featuredmedia":[{"embeddable":true,"href":"https:\/\/dekkbi.com\/index.php?rest_route=\/wp\/v2\/media\/9084"}],"wp:attachment":[{"href":"https:\/\/dekkbi.com\/index.php?rest_route=%2Fwp%2Fv2%2Fmedia&parent=10338"}],"wp:term":[{"taxonomy":"category","embeddable":true,"href":"https:\/\/dekkbi.com\/index.php?rest_route=%2Fwp%2Fv2%2Fcategories&post=10338"},{"taxonomy":"post_tag","embeddable":true,"href":"https:\/\/dekkbi.com\/index.php?rest_route=%2Fwp%2Fv2%2Ftags&post=10338"}],"curies":[{"name":"wp","href":"https:\/\/api.w.org\/{rel}","templated":true}]}}