{"id":10311,"date":"2023-04-15T09:03:55","date_gmt":"2023-04-15T09:03:55","guid":{"rendered":"https:\/\/dekkbi.com\/?p=10311"},"modified":"2023-04-15T09:03:56","modified_gmt":"2023-04-15T09:03:56","slug":"techniciens-de-laudiovisuel-et-du-cinema-senegalais-amath-niane-nouveau-president-de-atacs","status":"publish","type":"post","link":"https:\/\/dekkbi.com\/?p=10311","title":{"rendered":"Techniciens de l\u2019audiovisuel et du cin\u00e9ma s\u00e9n\u00e9galais : Amath Niane, nouveau pr\u00e9sident de Atacs"},"content":{"rendered":"\n<p>Le chef op\u00e9rateur s\u00e9n\u00e9galais, Amath Niane, a \u00e9t\u00e9 \u00e9lu, samedi dernier, pr\u00e9sident de l\u2019Association des techniciens de l\u2019audiovisuel et du cin\u00e9ma s\u00e9n\u00e9galais (Atacs). Sa t\u00e2che sera de s\u2019atteler, dans les plus brefs d\u00e9lais, \u00e0 la constitution du dossier de reconnaissance juridique et officielle de l\u2019association en vue d\u2019obtenir un r\u00e9c\u00e9piss\u00e9 aupr\u00e8s du minist\u00e8re de l\u2019Int\u00e9rieur, informe un communiqu\u00e9 qui pr\u00e9cise dans le m\u00eame temps que la dynamique enclench\u00e9e se poursuivra au quotidien avec des rencontres et \u00e9changes, l\u2019activation des diff\u00e9rentes commissions de travail, le choix de strat\u00e9gies, la mise en \u0153uvre d\u2019une feuille de route, l\u2019organisation d\u2019\u00e9v\u00e9nements et la coordination des activit\u00e9s avec les partenaires potentiels. L\u2019Atacs, qui a annonc\u00e9 la mise en place de son nouveau bureau ex\u00e9cutif pour la p\u00e9riode 2023-2025, souligne que ses membres sont exp\u00e9riment\u00e9s et passionn\u00e9s, \u00abce qui augure de la viabilit\u00e9 de leurs actions pour mener l\u2019association vers un meilleur devenir\u00bb. Le nouveau Secr\u00e9taire g\u00e9n\u00e9ral est Mbaye Maniang Diagne, tandis que Serigne Modou Kara Gu\u00e8ye occupe le poste de responsable de la communication. Le nouveau bureau de l\u2019association a \u00e9t\u00e9 \u00e9lu samedi, \u00e0 l\u2019issue d\u2019une Assembl\u00e9e g\u00e9n\u00e9rale qui s\u2019est tenue \u00e0 la Maison des cultures urbaines sise \u00e0 Ouakam. L\u2019assembl\u00e9e a \u00e9t\u00e9 pr\u00e9sid\u00e9e par le doyen Daour Wade. Apr\u00e8s son \u00e9lection, le nouveau pr\u00e9sident, par ailleurs dipl\u00f4m\u00e9 de l\u2019Ecole sup\u00e9rieure des arts visuels (Esav) de Marrakech, s\u2019est dit fier de diriger une organisation qui rassemble des personnes passionn\u00e9es, engag\u00e9es et comp\u00e9tentes. \u00abLa comp\u00e9tence au service de l\u2019audiovisuel et du cin\u00e9ma. Ensemble, main dans la main, nous allons relever les d\u00e9fis qui nous attendent\u00bb, a \u00e9crit sur la page Facebook de ladite association, son pr\u00e9sident, Amath Niane. Toutefois, pour la r\u00e9ussite de ses objectifs, l\u2019association invite tous les membres \u00e0 s\u2019impliquer activement, \u00e0 \u00abl\u2019unisson\u00bb. A rappeler que l\u2019Atacs est une organisation \u00e0 but non lucratif pour d\u00e9fendre les int\u00e9r\u00eats des techniciens de l\u2019audiovisuel et du cin\u00e9ma s\u00e9n\u00e9galais.<\/p>\n\n\n\n<p>Par Ousmane SOW LEQUOTIDIEN <\/p>\n","protected":false},"excerpt":{"rendered":"<p>Le chef op\u00e9rateur s\u00e9n\u00e9galais, Amath Niane, a \u00e9t\u00e9 \u00e9lu, samedi dernier, pr\u00e9sident de l\u2019Association des techniciens de l\u2019audiovisuel et du<\/p>\n","protected":false},"author":1,"featured_media":10312,"comment_status":"open","ping_status":"open","sticky":false,"template":"","format":"standard","meta":{"footnotes":""},"categories":[21],"tags":[],"class_list":["post-10311","post","type-post","status-publish","format-standard","has-post-thumbnail","hentry","category-societe"],"_links":{"self":[{"href":"https:\/\/dekkbi.com\/index.php?rest_route=\/wp\/v2\/posts\/10311","targetHints":{"allow":["GET"]}}],"collection":[{"href":"https:\/\/dekkbi.com\/index.php?rest_route=\/wp\/v2\/posts"}],"about":[{"href":"https:\/\/dekkbi.com\/index.php?rest_route=\/wp\/v2\/types\/post"}],"author":[{"embeddable":true,"href":"https:\/\/dekkbi.com\/index.php?rest_route=\/wp\/v2\/users\/1"}],"replies":[{"embeddable":true,"href":"https:\/\/dekkbi.com\/index.php?rest_route=%2Fwp%2Fv2%2Fcomments&post=10311"}],"version-history":[{"count":1,"href":"https:\/\/dekkbi.com\/index.php?rest_route=\/wp\/v2\/posts\/10311\/revisions"}],"predecessor-version":[{"id":10313,"href":"https:\/\/dekkbi.com\/index.php?rest_route=\/wp\/v2\/posts\/10311\/revisions\/10313"}],"wp:featuredmedia":[{"embeddable":true,"href":"https:\/\/dekkbi.com\/index.php?rest_route=\/wp\/v2\/media\/10312"}],"wp:attachment":[{"href":"https:\/\/dekkbi.com\/index.php?rest_route=%2Fwp%2Fv2%2Fmedia&parent=10311"}],"wp:term":[{"taxonomy":"category","embeddable":true,"href":"https:\/\/dekkbi.com\/index.php?rest_route=%2Fwp%2Fv2%2Fcategories&post=10311"},{"taxonomy":"post_tag","embeddable":true,"href":"https:\/\/dekkbi.com\/index.php?rest_route=%2Fwp%2Fv2%2Ftags&post=10311"}],"curies":[{"name":"wp","href":"https:\/\/api.w.org\/{rel}","templated":true}]}}