{"id":10308,"date":"2023-04-15T08:59:37","date_gmt":"2023-04-15T08:59:37","guid":{"rendered":"https:\/\/dekkbi.com\/?p=10308"},"modified":"2023-04-15T08:59:38","modified_gmt":"2023-04-15T08:59:38","slug":"pole-urbain-de-daga-kholpa-abdoulaye-saydou-sow-ministre-de-lurbanisme-a-preside-la-reunion-de-suivi-de-la-mise-en-oeuvre","status":"publish","type":"post","link":"https:\/\/dekkbi.com\/?p=10308","title":{"rendered":"P\u00f4le Urbain de Daga Kholpa: Abdoulaye Saydou Sow, Ministre de l\u2019Urbanisme a pr\u00e9sid\u00e9 la r\u00e9union de suivi de la mise en \u0153uvre"},"content":{"rendered":"\n<p>Le ministre de l\u2019Urbanisme, du Logement et de l\u2019Hygi\u00e8ne publique, Abdoulaye Saydou Sow a pr\u00e9sid\u00e9, ce vendredi 14 avril, la r\u00e9union de suivi de la mise en \u0153uvre du P\u00f4le Urbain de Daga Kholpa (PUDK). L\u2019objectif de cette rencontre \u00e9tait de discuter avec les collectifs des d\u00e9fenses des int\u00e9r\u00eats des villages impact\u00e9s, de Yenne (d\u00e9partement de Rufisque) et de Diass (d\u00e9partement de Mbour).<\/p>\n\n\n\n<p>Le ministre de l\u2019Urbanisme, du Logement et de l\u2019Hygi\u00e8ne publique, Abdoulaye Saydou Sow renseigne que ces deux communes abritent le p\u00f4le urbain. Et, c\u2019est la troisi\u00e8me fois que le ministre se retrouve avec les repr\u00e9sentants des populations, en pr\u00e9sence des maires des deux communes et des responsables de l\u2019administration territoriales (pr\u00e9fets et sous-pr\u00e9fets).Le ministre insiste sur l\u2019importance de maintenir un dialogue permanent et d\u2019\u00e9tablir la confiance entre les parties-prenantes. Ce qui permettra, selon lui, d\u2019aller ensemble vers des solutions satisfaisantes sur tous les points de divergences, en particulier la question des extensions des villages impact\u00e9s.Il r\u00e9it\u00e8re aussi sa disponibilit\u00e9 \u00e0 mettre en \u0153uvre les directives du Pr\u00e9sident de la R\u00e9publique, notamment le principe de la concertation et de l\u2019implication des populations dans tout processus de prise de d\u00e9cisions. D\u2019o\u00f9 la mise en place d\u2019un comit\u00e9 de suivi par arr\u00eat\u00e9 minist\u00e9riel pour \u00abgarantir le dialogue et la concertation\u00bb et la mise en \u0153uvre de \u00abd\u00e9cisions act\u00e9es d\u2019un commun accord\u00bb.Cette d\u00e9marche participative est fortement appr\u00e9ci\u00e9e par les responsables des collectifs de Yenne et surtout de Diass. D\u00e9cid\u00e9s \u00e0 d\u00e9fendre les int\u00e9r\u00eats de leurs mandants, les membres du collectif mettent l\u2019accent sur \u00abla n\u00e9cessit\u00e9 de se faire confiance mutuellement\u00bb.Mbaye Ndiaye, coordonnateur du collectif de Yenne, d\u00e9clare m\u00eame que c\u2019est \u00abprimordial que notre voix soit entendue. Et nous sommes satisfait de voir qu\u2019on nous \u00e9coute. C\u2019est tout ce qu\u2019on demande. On veut juste que nos pr\u00e9occupations soient entendues et satisfaites\u00bb.Pour sa part, Moussa S\u00e8ne, coordonnateur du collectif de Diass, estime que \u00abc\u2019est un privil\u00e8ge pour notre collectif d\u2019\u00eatre membre du comit\u00e9 de suivi. Parce que cela nous permet d\u2019\u00eatre impliqu\u00e9 dans la prise de d\u00e9cisions et de d\u00e9fendre au mieux les int\u00e9r\u00eats des populations. Avec ce comit\u00e9, on sait que nos pr\u00e9occupations seront prises en compte avec des solutions satisfaisantes\u00bb.<\/p>\n\n\n\n<p>Ousmane Wade LERAL<\/p>\n","protected":false},"excerpt":{"rendered":"<p>Le ministre de l\u2019Urbanisme, du Logement et de l\u2019Hygi\u00e8ne publique, Abdoulaye Saydou Sow a pr\u00e9sid\u00e9, ce vendredi 14 avril, la<\/p>\n","protected":false},"author":1,"featured_media":10309,"comment_status":"open","ping_status":"open","sticky":false,"template":"","format":"standard","meta":{"footnotes":""},"categories":[3],"tags":[],"class_list":["post-10308","post","type-post","status-publish","format-standard","has-post-thumbnail","hentry","category-event-more-news"],"_links":{"self":[{"href":"https:\/\/dekkbi.com\/index.php?rest_route=\/wp\/v2\/posts\/10308","targetHints":{"allow":["GET"]}}],"collection":[{"href":"https:\/\/dekkbi.com\/index.php?rest_route=\/wp\/v2\/posts"}],"about":[{"href":"https:\/\/dekkbi.com\/index.php?rest_route=\/wp\/v2\/types\/post"}],"author":[{"embeddable":true,"href":"https:\/\/dekkbi.com\/index.php?rest_route=\/wp\/v2\/users\/1"}],"replies":[{"embeddable":true,"href":"https:\/\/dekkbi.com\/index.php?rest_route=%2Fwp%2Fv2%2Fcomments&post=10308"}],"version-history":[{"count":1,"href":"https:\/\/dekkbi.com\/index.php?rest_route=\/wp\/v2\/posts\/10308\/revisions"}],"predecessor-version":[{"id":10310,"href":"https:\/\/dekkbi.com\/index.php?rest_route=\/wp\/v2\/posts\/10308\/revisions\/10310"}],"wp:featuredmedia":[{"embeddable":true,"href":"https:\/\/dekkbi.com\/index.php?rest_route=\/wp\/v2\/media\/10309"}],"wp:attachment":[{"href":"https:\/\/dekkbi.com\/index.php?rest_route=%2Fwp%2Fv2%2Fmedia&parent=10308"}],"wp:term":[{"taxonomy":"category","embeddable":true,"href":"https:\/\/dekkbi.com\/index.php?rest_route=%2Fwp%2Fv2%2Fcategories&post=10308"},{"taxonomy":"post_tag","embeddable":true,"href":"https:\/\/dekkbi.com\/index.php?rest_route=%2Fwp%2Fv2%2Ftags&post=10308"}],"curies":[{"name":"wp","href":"https:\/\/api.w.org\/{rel}","templated":true}]}}