{"id":10249,"date":"2023-04-14T11:55:39","date_gmt":"2023-04-14T11:55:39","guid":{"rendered":"https:\/\/dekkbi.com\/?p=10249"},"modified":"2023-04-14T11:55:40","modified_gmt":"2023-04-14T11:55:40","slug":"etat-civil-la-numerisation-bientot-bouclee","status":"publish","type":"post","link":"https:\/\/dekkbi.com\/?p=10249","title":{"rendered":"Etat civil : La num\u00e9risation bient\u00f4t boucl\u00e9e"},"content":{"rendered":"\n<p>Les longs d\u00e9placements pour l\u2019obtention d\u2019un acte civil seront bient\u00f4t de vieux souvenirs. \u00abC\u2019est la volont\u00e9 du pr\u00e9sident de la R\u00e9publique. Il veut que chaque S\u00e9n\u00e9galais, o\u00f9 qu\u2019il puisse \u00eatre, m\u00eame dans la diaspora, ait acc\u00e8s \u00e0 ces actes d\u2019\u00e9tat civil (extrait de naissance, acte de mariage, certificat de d\u00e9c\u00e8s). Il a \u00e9t\u00e9 d\u00e9cid\u00e9 depuis quatre ans de renouveler l\u2019\u00e9tat civil, et avec un apport de 17 milliards, de mettre en place une Strat\u00e9gie nationale, de cr\u00e9er des centres nouveaux, de num\u00e9riser l\u2019\u00e9tat civil\u00bb, a inform\u00e9 hier Mamadou Talla, lors de la rencontre de son d\u00e9partement avec les partenaires financiers. <\/p>\n\n\n\n<p><\/p>\n\n\n\n<p>A en croire le ministre des Collectivit\u00e9s territoriales, le\u00a0gouvernement est en train de num\u00e9riser l\u2019essentiel des actes. \u00abNous avons pratiquement fini de num\u00e9riser la r\u00e9gion de Dakar, d\u2019installer des centres secondaires, des centres principaux, pour que chaque S\u00e9n\u00e9galais, partout o\u00f9 il se trouve, puisse avoir acc\u00e8s \u00e0 ces actes d\u2019\u00e9tat civil\u00bb, a-t-il rassur\u00e9. D\u2019apr\u00e8s lui, \u00abbeaucoup de registres dans nos centres d\u2019\u00e9tat civil qui sont en train d\u2019\u00eatre g\u00e9r\u00e9s par les maires, sont des documents physiques, des fois br\u00fbl\u00e9s ou d\u00e9chir\u00e9s. Et aujourd\u2019hui, l\u2019Etat est anim\u00e9 d\u2019une volont\u00e9 d\u2019installer au S\u00e9n\u00e9gal un \u00e9tat civil num\u00e9rique fiable\u00bb. Selon toujours le ministre des Collectivit\u00e9s territoriales, \u00abla premi\u00e8re phase est termin\u00e9e\u00bb. \u00abNous attendons la deuxi\u00e8me phase qui n\u00e9cessite un financement de 50 milliards de francs\u00bb, a-t-il fait savoir.<\/p>\n\n\n\n<p><br><strong>Par Justin GOMIS \u2013 justin@lequotidien.sn<\/strong><\/p>\n","protected":false},"excerpt":{"rendered":"<p>Les longs d\u00e9placements pour l\u2019obtention d\u2019un acte civil seront bient\u00f4t de vieux souvenirs. \u00abC\u2019est la volont\u00e9 du pr\u00e9sident de la<\/p>\n","protected":false},"author":1,"featured_media":4465,"comment_status":"open","ping_status":"open","sticky":false,"template":"","format":"standard","meta":{"footnotes":""},"categories":[21],"tags":[],"class_list":["post-10249","post","type-post","status-publish","format-standard","has-post-thumbnail","hentry","category-societe"],"_links":{"self":[{"href":"https:\/\/dekkbi.com\/index.php?rest_route=\/wp\/v2\/posts\/10249","targetHints":{"allow":["GET"]}}],"collection":[{"href":"https:\/\/dekkbi.com\/index.php?rest_route=\/wp\/v2\/posts"}],"about":[{"href":"https:\/\/dekkbi.com\/index.php?rest_route=\/wp\/v2\/types\/post"}],"author":[{"embeddable":true,"href":"https:\/\/dekkbi.com\/index.php?rest_route=\/wp\/v2\/users\/1"}],"replies":[{"embeddable":true,"href":"https:\/\/dekkbi.com\/index.php?rest_route=%2Fwp%2Fv2%2Fcomments&post=10249"}],"version-history":[{"count":1,"href":"https:\/\/dekkbi.com\/index.php?rest_route=\/wp\/v2\/posts\/10249\/revisions"}],"predecessor-version":[{"id":10250,"href":"https:\/\/dekkbi.com\/index.php?rest_route=\/wp\/v2\/posts\/10249\/revisions\/10250"}],"wp:featuredmedia":[{"embeddable":true,"href":"https:\/\/dekkbi.com\/index.php?rest_route=\/wp\/v2\/media\/4465"}],"wp:attachment":[{"href":"https:\/\/dekkbi.com\/index.php?rest_route=%2Fwp%2Fv2%2Fmedia&parent=10249"}],"wp:term":[{"taxonomy":"category","embeddable":true,"href":"https:\/\/dekkbi.com\/index.php?rest_route=%2Fwp%2Fv2%2Fcategories&post=10249"},{"taxonomy":"post_tag","embeddable":true,"href":"https:\/\/dekkbi.com\/index.php?rest_route=%2Fwp%2Fv2%2Ftags&post=10249"}],"curies":[{"name":"wp","href":"https:\/\/api.w.org\/{rel}","templated":true}]}}