{"id":10237,"date":"2023-04-14T11:09:19","date_gmt":"2023-04-14T11:09:19","guid":{"rendered":"https:\/\/dekkbi.com\/?p=10237"},"modified":"2023-04-14T11:09:20","modified_gmt":"2023-04-14T11:09:20","slug":"macron-recoit-neuf-tirailleurs-ayant-decide-de-regagner-le-senegal","status":"publish","type":"post","link":"https:\/\/dekkbi.com\/?p=10237","title":{"rendered":"Macron re\u00e7oit neuf Tirailleurs ayant d\u00e9cid\u00e9 de regagner le S\u00e9n\u00e9gal"},"content":{"rendered":"\n<p>Dakar, (APS) \u2013 Le pr\u00e9sident fran\u00e7ais, Emmanuel Macron, va recevoir ce vendredi, neuf Tirailleurs s\u00e9n\u00e9galais qui ont pris la d\u00e9cision de rentrer au S\u00e9n\u00e9gal gr\u00e2ce \u00e0 une aide financi\u00e8re de l\u2019Etat fran\u00e7ais, a annonc\u00e9 l\u2019Elys\u00e9e dans un communiqu\u00e9 relay\u00e9 par plusieurs m\u00e9dias hexagonaux.<\/p>\n\n\n\n<p>Ces Tirailleurs \u00e2g\u00e9s de 85 \u00e0 90 ans ont fait le choix de rentrer dans les prochains jours au S\u00e9n\u00e9gal, leur pays d\u2019origine. En les recevant, le pr\u00e9sident Macron va ainsi rendre hommage \u00e0 leur engagement pour la France, selon la pr\u00e9sidence fran\u00e7aise.<\/p>\n\n\n\n<p>L\u2019aide mise en place, dont le montant n\u2019a pas \u00e9t\u00e9 d\u00e9voil\u00e9, vise \u00e0 leur permettre de financer leur voyage retour et leur r\u00e9installation au S\u00e9n\u00e9gal, signale l\u2019Elys\u00e9e.<\/p>\n\n\n\n<p>AKS\/OID<\/p>\n","protected":false},"excerpt":{"rendered":"<p>Dakar, (APS) \u2013 Le pr\u00e9sident fran\u00e7ais, Emmanuel Macron, va recevoir ce vendredi, neuf Tirailleurs s\u00e9n\u00e9galais qui ont pris la d\u00e9cision<\/p>\n","protected":false},"author":1,"featured_media":10238,"comment_status":"open","ping_status":"open","sticky":false,"template":"","format":"standard","meta":{"footnotes":""},"categories":[21],"tags":[],"class_list":["post-10237","post","type-post","status-publish","format-standard","has-post-thumbnail","hentry","category-societe"],"_links":{"self":[{"href":"https:\/\/dekkbi.com\/index.php?rest_route=\/wp\/v2\/posts\/10237","targetHints":{"allow":["GET"]}}],"collection":[{"href":"https:\/\/dekkbi.com\/index.php?rest_route=\/wp\/v2\/posts"}],"about":[{"href":"https:\/\/dekkbi.com\/index.php?rest_route=\/wp\/v2\/types\/post"}],"author":[{"embeddable":true,"href":"https:\/\/dekkbi.com\/index.php?rest_route=\/wp\/v2\/users\/1"}],"replies":[{"embeddable":true,"href":"https:\/\/dekkbi.com\/index.php?rest_route=%2Fwp%2Fv2%2Fcomments&post=10237"}],"version-history":[{"count":1,"href":"https:\/\/dekkbi.com\/index.php?rest_route=\/wp\/v2\/posts\/10237\/revisions"}],"predecessor-version":[{"id":10239,"href":"https:\/\/dekkbi.com\/index.php?rest_route=\/wp\/v2\/posts\/10237\/revisions\/10239"}],"wp:featuredmedia":[{"embeddable":true,"href":"https:\/\/dekkbi.com\/index.php?rest_route=\/wp\/v2\/media\/10238"}],"wp:attachment":[{"href":"https:\/\/dekkbi.com\/index.php?rest_route=%2Fwp%2Fv2%2Fmedia&parent=10237"}],"wp:term":[{"taxonomy":"category","embeddable":true,"href":"https:\/\/dekkbi.com\/index.php?rest_route=%2Fwp%2Fv2%2Fcategories&post=10237"},{"taxonomy":"post_tag","embeddable":true,"href":"https:\/\/dekkbi.com\/index.php?rest_route=%2Fwp%2Fv2%2Ftags&post=10237"}],"curies":[{"name":"wp","href":"https:\/\/api.w.org\/{rel}","templated":true}]}}