{"id":10176,"date":"2023-04-13T10:52:51","date_gmt":"2023-04-13T10:52:51","guid":{"rendered":"https:\/\/dekkbi.com\/?p=10176"},"modified":"2023-04-13T10:52:52","modified_gmt":"2023-04-13T10:52:52","slug":"bassirou-diomaye-cest-un-proces-contre-leligibilite-de-sonko","status":"publish","type":"post","link":"https:\/\/dekkbi.com\/?p=10176","title":{"rendered":"Bassirou Diomaye : \u00abC\u2019est un proc\u00e8s contre l\u2019\u00e9ligibilit\u00e9 de Sonko\u00bb"},"content":{"rendered":"\n<p>iGFM &#8211; (Dakar) La date du proc\u00e8s en appel entre Sonko et Mame Mbaye Niang est fix\u00e9e au 17 avril. Pour Bassirou Diomaye Faye de Pastef, il s\u2019agit l\u00e0 d\u2019un proc\u00e8s contre l\u2019\u00e9ligibilit\u00e9 de leur leader.<\/p>\n\n\n\n<p>\u00abC&rsquo;est un proc\u00e8s contre l&rsquo;\u00e9ligibilit\u00e9 du pr\u00e9sident Ousmane Sonko. Ni plus ni moins. Et dans cette perspective, l&rsquo;urgence et la pr\u00e9cipitation not\u00e9es rendent compte d&rsquo;une volont\u00e9 de livrer commande, hic et nunc, au prince dont le regard h\u00e9sitant est fig\u00e9 sur l&rsquo;\u00e9ch\u00e9ance du 25 f\u00e9vrier 2024\u00bb, dit-il.<br><br>Ce que M. Faye ne comprend pas, c\u2019est comment le proc\u00e8s en appel a pu \u00eatre programm\u00e9 alors qu\u2019Ousmane Sonko a jusqu\u2019au 29 avril prochain pour faire appel. \u00abCe d\u00e9lai court toujours, mais les magistrats ont d\u00e9cid\u00e9 de juger avant l\u2019expiration m\u00eame de ce d\u00e9lai \u00e0 lui imparti par la loi\u00bb, d\u00e9nonce-t-il.<\/p>\n","protected":false},"excerpt":{"rendered":"<p>iGFM &#8211; (Dakar) La date du proc\u00e8s en appel entre Sonko et Mame Mbaye Niang est fix\u00e9e au 17 avril.<\/p>\n","protected":false},"author":1,"featured_media":10177,"comment_status":"open","ping_status":"open","sticky":false,"template":"","format":"standard","meta":{"footnotes":""},"categories":[21],"tags":[],"class_list":["post-10176","post","type-post","status-publish","format-standard","has-post-thumbnail","hentry","category-societe"],"_links":{"self":[{"href":"https:\/\/dekkbi.com\/index.php?rest_route=\/wp\/v2\/posts\/10176","targetHints":{"allow":["GET"]}}],"collection":[{"href":"https:\/\/dekkbi.com\/index.php?rest_route=\/wp\/v2\/posts"}],"about":[{"href":"https:\/\/dekkbi.com\/index.php?rest_route=\/wp\/v2\/types\/post"}],"author":[{"embeddable":true,"href":"https:\/\/dekkbi.com\/index.php?rest_route=\/wp\/v2\/users\/1"}],"replies":[{"embeddable":true,"href":"https:\/\/dekkbi.com\/index.php?rest_route=%2Fwp%2Fv2%2Fcomments&post=10176"}],"version-history":[{"count":1,"href":"https:\/\/dekkbi.com\/index.php?rest_route=\/wp\/v2\/posts\/10176\/revisions"}],"predecessor-version":[{"id":10178,"href":"https:\/\/dekkbi.com\/index.php?rest_route=\/wp\/v2\/posts\/10176\/revisions\/10178"}],"wp:featuredmedia":[{"embeddable":true,"href":"https:\/\/dekkbi.com\/index.php?rest_route=\/wp\/v2\/media\/10177"}],"wp:attachment":[{"href":"https:\/\/dekkbi.com\/index.php?rest_route=%2Fwp%2Fv2%2Fmedia&parent=10176"}],"wp:term":[{"taxonomy":"category","embeddable":true,"href":"https:\/\/dekkbi.com\/index.php?rest_route=%2Fwp%2Fv2%2Fcategories&post=10176"},{"taxonomy":"post_tag","embeddable":true,"href":"https:\/\/dekkbi.com\/index.php?rest_route=%2Fwp%2Fv2%2Ftags&post=10176"}],"curies":[{"name":"wp","href":"https:\/\/api.w.org\/{rel}","templated":true}]}}