{"id":10173,"date":"2023-04-13T10:49:36","date_gmt":"2023-04-13T10:49:36","guid":{"rendered":"https:\/\/dekkbi.com\/?p=10173"},"modified":"2023-04-13T10:49:37","modified_gmt":"2023-04-13T10:49:37","slug":"assemblees-annuelles-du-fmi-et-de-la-bm-lafrique-parle-dune-meme-voix","status":"publish","type":"post","link":"https:\/\/dekkbi.com\/?p=10173","title":{"rendered":"Assembl\u00e9es annuelles du Fmi et de la Bm : L\u2019Afrique parle d\u2019une m\u00eame voix"},"content":{"rendered":"\n<p><strong>Pour les 23 d\u00e9l\u00e9gations officielles de l\u2019Afrique qui ont pris la d\u00e9cision d\u2019avancer de mani\u00e8re collective, l\u2019objectif est d\u2019impulser une dynamique unitaire pour mieux d\u00e9fendre ses int\u00e9r\u00eats aux Assembl\u00e9es annuelles du Fmi et de la Banque mondiale qui se d\u00e9roulent du 10 au 16 avril 2023 \u00e0 Washington.<\/strong><\/p>\n\n\n\n<p><strong>Par Malick GAYE \u2013&nbsp;<\/strong>Dans l\u2019optique de bien d\u00e9fendre leurs int\u00e9r\u00eats, les 23 pays africains qui prennent part aux Assembl\u00e9e annuelles du Fonds mon\u00e9taire international (Fmi) et de la Banque mondiale, qui se d\u00e9roulent du 10 au 16 avril 2023 \u00e0 Washington, ont d\u00e9cid\u00e9 de parler d\u2019une seule et m\u00eame voix. Cette rencontre, \u00e0 laquelle assistent Oulimata Sarr, ministre de l\u2019Economie, du plan et de la coop\u00e9ration, et Mamadou Moustapha B\u00e2, ministre des Finances et du budget, porte sur les d\u00e9fis les plus urgents pour favoriser la croissance, l\u2019\u00e9quit\u00e9 et la prosp\u00e9rit\u00e9 pour tous, selon un communiqu\u00e9 du gouvernement du S\u00e9n\u00e9gal.<\/p>\n\n\n\n<p>Lequel rappelle qu\u2019au \u00abmois d\u2019octobre dernier, la Banque mondiale avait propos\u00e9 \u00e0 la ministre de l\u2019Economie, du plan et de la coop\u00e9ration, d\u2019assurer la pr\u00e9sidence du R\u00e9seau pour le d\u00e9veloppement du capital humain. A ce titre, Oulimata Sarr avait pr\u00e9sid\u00e9 la Session minist\u00e9rielle de la Banque sur le th\u00e8me&nbsp;: \u00abProt\u00e9ger et renforcer le capital humain dans le contexte de la crise alimentaire mondiale.\u00bb La session avait, entre autres, examin\u00e9 les mesures de protection sociale que les Etats devraient prendre pour soulager les couches sociales vuln\u00e9rables, \u00e0 l\u2019image des concertations pour la lutte contre la vie ch\u00e8re que le Pr\u00e9sident Macky Sall a lanc\u00e9es le 26 septembre 2022\u00bb. Il est dit que \u00able ministre des Finances et du budget avait, pour sa part, rappel\u00e9 le plaidoyer du chef de l\u2019Etat pour la r\u00e9allocation de cent milliards de dollars de Droits de tirages sp\u00e9ciaux (Dts) d\u00e9tenus par des pays d\u00e9velopp\u00e9s, en faveur des pays africains\u00bb.<br>En marge des Assembl\u00e9es annuelles du Fmi et de la Banque mondiale, la ministre de l\u2019Economie, du plan et de la coop\u00e9ration, accompagn\u00e9e de l\u2019ambassadeur Mansour Elimane Kane, a \u00e9galement rencontr\u00e9 les Senior Advisors du S\u00e9nateur Risch et du S\u00e9nateur Scott. Les s\u00e9nateurs sont membres de la Commission des affaires \u00e9trang\u00e8res du 117e Congr\u00e8s.<br><strong>mgaye@lequotidien.sn<\/strong><\/p>\n","protected":false},"excerpt":{"rendered":"<p>Pour les 23 d\u00e9l\u00e9gations officielles de l\u2019Afrique qui ont pris la d\u00e9cision d\u2019avancer de mani\u00e8re collective, l\u2019objectif est d\u2019impulser une<\/p>\n","protected":false},"author":1,"featured_media":10174,"comment_status":"open","ping_status":"open","sticky":false,"template":"","format":"standard","meta":{"footnotes":""},"categories":[51],"tags":[],"class_list":["post-10173","post","type-post","status-publish","format-standard","has-post-thumbnail","hentry","category-general"],"_links":{"self":[{"href":"https:\/\/dekkbi.com\/index.php?rest_route=\/wp\/v2\/posts\/10173","targetHints":{"allow":["GET"]}}],"collection":[{"href":"https:\/\/dekkbi.com\/index.php?rest_route=\/wp\/v2\/posts"}],"about":[{"href":"https:\/\/dekkbi.com\/index.php?rest_route=\/wp\/v2\/types\/post"}],"author":[{"embeddable":true,"href":"https:\/\/dekkbi.com\/index.php?rest_route=\/wp\/v2\/users\/1"}],"replies":[{"embeddable":true,"href":"https:\/\/dekkbi.com\/index.php?rest_route=%2Fwp%2Fv2%2Fcomments&post=10173"}],"version-history":[{"count":1,"href":"https:\/\/dekkbi.com\/index.php?rest_route=\/wp\/v2\/posts\/10173\/revisions"}],"predecessor-version":[{"id":10175,"href":"https:\/\/dekkbi.com\/index.php?rest_route=\/wp\/v2\/posts\/10173\/revisions\/10175"}],"wp:featuredmedia":[{"embeddable":true,"href":"https:\/\/dekkbi.com\/index.php?rest_route=\/wp\/v2\/media\/10174"}],"wp:attachment":[{"href":"https:\/\/dekkbi.com\/index.php?rest_route=%2Fwp%2Fv2%2Fmedia&parent=10173"}],"wp:term":[{"taxonomy":"category","embeddable":true,"href":"https:\/\/dekkbi.com\/index.php?rest_route=%2Fwp%2Fv2%2Fcategories&post=10173"},{"taxonomy":"post_tag","embeddable":true,"href":"https:\/\/dekkbi.com\/index.php?rest_route=%2Fwp%2Fv2%2Ftags&post=10173"}],"curies":[{"name":"wp","href":"https:\/\/api.w.org\/{rel}","templated":true}]}}