{"id":10170,"date":"2023-04-13T10:37:26","date_gmt":"2023-04-13T10:37:26","guid":{"rendered":"https:\/\/dekkbi.com\/?p=10170"},"modified":"2023-04-13T11:33:42","modified_gmt":"2023-04-13T11:33:42","slug":"reunions-de-printemps-fmi-banque-mondiale-la-directrice-generale-du-fmi-magnifie-le-leadership-du-president-macky-sall","status":"publish","type":"post","link":"https:\/\/dekkbi.com\/?p=10170","title":{"rendered":"R\u00e9unions de printemps FMI\/Banque Mondiale : La Directrice g\u00e9n\u00e9rale du FMi magnifie le leadership du Pr\u00e9sident Macky Sall"},"content":{"rendered":"\n<p>Ce mercredi 12 avril 2023 s\u2019est tenue la table-ronde minist\u00e9rielle de financements des pays \u00e0 faible revenu, sous la pr\u00e9sidence de la Directrice g\u00e9n\u00e9rale du Fonds mon\u00e9taire international, Mme Kristina Georgina. Le S\u00e9n\u00e9gal y \u00e9tait repr\u00e9sent\u00e9 par le Ministre des Finances et du Budget, Mamadou Moustapha B\u00e2.<\/p>\n\n\n\n<p>La Directrice g\u00e9n\u00e9rale du FMI a sollicit\u00e9 et obtenu du Pr\u00e9sident Macky Sall, un message de plaidoyer \u2018\u2019<em>en tant qu&rsquo;ardent d\u00e9fenseur de la cause des Pays \u00e1 faible revenu du c\u00f4t\u00e9 des b\u00e9n\u00e9ficiaires<\/em>\u2019\u2019 selon ses termes. Dans son message, le Pr\u00e9sident Macky Sall a centr\u00e9 son intervention sur l&rsquo;importance de l&rsquo;appui et le financement des fonds, \u00e0 travers le Fonds fiduciaire au S\u00e9n\u00e9gal et plus largement, dans les Pays \u00e1 faible revenus.<\/p>\n\n\n\n<p>Le Pr\u00e9sident Sall a fait un plaidoyer pour que le Fonds fiduciaire pour la r\u00e9duction de la pauvret\u00e9 et pour la croissance, soit financ\u00e9 de mani\u00e8re ad\u00e9quate, dans le cadre d&rsquo;un appel plus large pour une enveloppe plus \u00e9lev\u00e9e de financement durable et concessionnel par les Institutions Financi\u00e8res Internationales et les Banques multilat\u00e9rales de D\u00e9veloppement.<\/p>\n\n\n\n<p>Avant de passer la parole \u00e0 Macky Sall, Madame la DG du Fonds a salu\u00e9 le leadership du Pr\u00e9sident Macky Sall et sa pr\u00e9sidence pass\u00e9e de l\u2019Union africaine, qui a permis selon elle, de faire entendre la voix de l\u2019Afrique aupr\u00e8s de toutes les institutions internationales.<\/p>\n\n\n\n<p>Pour rappel, le Pr\u00e9sident Macky Sall et le Pr\u00e9sident Emmanuel Macron ont \u00e9t\u00e9 les seuls \u00e0 avoir d\u00e9livr\u00e9 des messages par video.<\/p>\n","protected":false},"excerpt":{"rendered":"<p>Ce mercredi 12 avril 2023 s\u2019est tenue la table-ronde minist\u00e9rielle de financements des pays \u00e0 faible revenu, sous la pr\u00e9sidence<\/p>\n","protected":false},"author":1,"featured_media":10171,"comment_status":"open","ping_status":"open","sticky":false,"template":"","format":"standard","meta":{"footnotes":""},"categories":[3],"tags":[],"class_list":["post-10170","post","type-post","status-publish","format-standard","has-post-thumbnail","hentry","category-event-more-news"],"_links":{"self":[{"href":"https:\/\/dekkbi.com\/index.php?rest_route=\/wp\/v2\/posts\/10170","targetHints":{"allow":["GET"]}}],"collection":[{"href":"https:\/\/dekkbi.com\/index.php?rest_route=\/wp\/v2\/posts"}],"about":[{"href":"https:\/\/dekkbi.com\/index.php?rest_route=\/wp\/v2\/types\/post"}],"author":[{"embeddable":true,"href":"https:\/\/dekkbi.com\/index.php?rest_route=\/wp\/v2\/users\/1"}],"replies":[{"embeddable":true,"href":"https:\/\/dekkbi.com\/index.php?rest_route=%2Fwp%2Fv2%2Fcomments&post=10170"}],"version-history":[{"count":1,"href":"https:\/\/dekkbi.com\/index.php?rest_route=\/wp\/v2\/posts\/10170\/revisions"}],"predecessor-version":[{"id":10172,"href":"https:\/\/dekkbi.com\/index.php?rest_route=\/wp\/v2\/posts\/10170\/revisions\/10172"}],"wp:featuredmedia":[{"embeddable":true,"href":"https:\/\/dekkbi.com\/index.php?rest_route=\/wp\/v2\/media\/10171"}],"wp:attachment":[{"href":"https:\/\/dekkbi.com\/index.php?rest_route=%2Fwp%2Fv2%2Fmedia&parent=10170"}],"wp:term":[{"taxonomy":"category","embeddable":true,"href":"https:\/\/dekkbi.com\/index.php?rest_route=%2Fwp%2Fv2%2Fcategories&post=10170"},{"taxonomy":"post_tag","embeddable":true,"href":"https:\/\/dekkbi.com\/index.php?rest_route=%2Fwp%2Fv2%2Ftags&post=10170"}],"curies":[{"name":"wp","href":"https:\/\/api.w.org\/{rel}","templated":true}]}}