{"id":10126,"date":"2023-04-12T14:59:37","date_gmt":"2023-04-12T14:59:37","guid":{"rendered":"https:\/\/dekkbi.com\/?p=10126"},"modified":"2023-04-12T14:59:37","modified_gmt":"2023-04-12T14:59:37","slug":"accord-dalger-et-transition-les-conclusions-du-dernier-rapport-de-lonu-sur-le-mali","status":"publish","type":"post","link":"https:\/\/dekkbi.com\/?p=10126","title":{"rendered":"Accord d\u2019Alger et transition: les conclusions du dernier rapport de l\u2019ONU sur le Mali"},"content":{"rendered":"\n<p><strong>(rfi.fr)- Le secr\u00e9taire g\u00e9n\u00e9ral de l\u2019ONU, Antonio Guterres, demande \u00e0 la junte malienne d\u2019acc\u00e9l\u00e9rer la transition pour revenir \u00e0 un ordre constitutionnel, selon le rapport trimestriel sur la situation au Mali.<\/strong><\/p>\n\n\n\n<p>Selon le rapport dat\u00e9 du 30 mars et que RFI a pu consulter, en premier lieu, Antonio Guterres demande \u00e0 la junte \u00ab&nbsp;<em>d\u2019acc\u00e9l\u00e9rer&nbsp;<\/em>\u00bb le rythme pour un retour du pouvoir aux mains des civils. Le secr\u00e9taire g\u00e9n\u00e9ral de l\u2019ONU note bien quelques progr\u00e8s comme la r\u00e9daction d\u2019un projet de Constitution ou la cr\u00e9ation de l\u2019Autorit\u00e9 ind\u00e9pendante de gestion des \u00e9lections.<\/p>\n\n\n\n<p>Mais le report&nbsp;<em>sine die<\/em>&nbsp;de la date du r\u00e9f\u00e9rendum constitutionnel le pr\u00e9occupe. Antonio Guterres rappelle donc que la junte s\u2019est engag\u00e9e \u00e0 un calendrier qui pr\u00e9voit des \u00e9lections libres au d\u00e9but de l\u2019ann\u00e9e prochaine.<\/p>\n\n\n\n<h2 class=\"wp-block-heading\">Accord d\u2019Alger dans \u00ab<em>&nbsp;l\u2019impasse&nbsp;<\/em>\u00bb&nbsp;?<\/h2>\n\n\n\n<p>L\u2019ONU s\u2019inqui\u00e8te \u00e9galement de la mise en \u0153uvre de l\u2019accord de paix d\u2019Alger de 2015, actuellement au point mort. Antonio Guterres parle \u00ab&nbsp;<em>d\u2019impasse&nbsp;<\/em>\u00bb ou de \u00ab&nbsp;<em>paralysie persistante<\/em>&nbsp;\u00bb.<\/p>\n\n\n\n<p>Depuis plusieurs mois, les groupes arm\u00e9s signataires du nord ont rompu les discussions avec la junte. Ils demandent qu\u2019une r\u00e9union soit organis\u00e9e en territoire neutre, mais les autorit\u00e9s maliennes refusent. Et malgr\u00e9 les efforts de m\u00e9diation de l\u2019Alg\u00e9rie, les deux restent \u00e0 couteaux tir\u00e9s.<\/p>\n\n\n\n<h2 class=\"wp-block-heading\">\u00ab&nbsp;<em>Le meilleur cadre<\/em>&nbsp;\u00bb<\/h2>\n\n\n\n<p>Le secr\u00e9taire g\u00e9n\u00e9ral de l\u2019ONU rappelle que l\u2019accord d\u2019Alger reste \u00ab<em>&nbsp;le meilleur cadre&nbsp;<\/em>\u00bb pour construire une paix durable, d\u2019autant plus que les violences continuent de s\u2019intensifier, notamment dans le nord-est du Mali.<\/p>\n\n\n\n<p>Dans un m\u00e9morandum publi\u00e9 lundi, les autorit\u00e9s maliennes rappellent que la \u00ab\u00a0<em>mise en \u0153uvre du chronogramme de la transition reste une priorit\u00e9\u00a0<\/em>\u00bb. Le gouvernement insiste \u00e9galement sur \u00ab\u00a0<em>sa disponibilit\u00e9 pour la mise en \u0153uvre diligente de l\u2019accord de paix.<\/em>\u00a0\u00bb<\/p>\n\n\n\n<p>Source &#8211; sudquotidien<\/p>\n","protected":false},"excerpt":{"rendered":"<p>(rfi.fr)- Le secr\u00e9taire g\u00e9n\u00e9ral de l\u2019ONU, Antonio Guterres, demande \u00e0 la junte malienne d\u2019acc\u00e9l\u00e9rer la transition pour revenir \u00e0 un<\/p>\n","protected":false},"author":1,"featured_media":10128,"comment_status":"open","ping_status":"open","sticky":false,"template":"","format":"standard","meta":{"footnotes":""},"categories":[51],"tags":[],"class_list":["post-10126","post","type-post","status-publish","format-standard","has-post-thumbnail","hentry","category-general"],"_links":{"self":[{"href":"https:\/\/dekkbi.com\/index.php?rest_route=\/wp\/v2\/posts\/10126","targetHints":{"allow":["GET"]}}],"collection":[{"href":"https:\/\/dekkbi.com\/index.php?rest_route=\/wp\/v2\/posts"}],"about":[{"href":"https:\/\/dekkbi.com\/index.php?rest_route=\/wp\/v2\/types\/post"}],"author":[{"embeddable":true,"href":"https:\/\/dekkbi.com\/index.php?rest_route=\/wp\/v2\/users\/1"}],"replies":[{"embeddable":true,"href":"https:\/\/dekkbi.com\/index.php?rest_route=%2Fwp%2Fv2%2Fcomments&post=10126"}],"version-history":[{"count":1,"href":"https:\/\/dekkbi.com\/index.php?rest_route=\/wp\/v2\/posts\/10126\/revisions"}],"predecessor-version":[{"id":10129,"href":"https:\/\/dekkbi.com\/index.php?rest_route=\/wp\/v2\/posts\/10126\/revisions\/10129"}],"wp:featuredmedia":[{"embeddable":true,"href":"https:\/\/dekkbi.com\/index.php?rest_route=\/wp\/v2\/media\/10128"}],"wp:attachment":[{"href":"https:\/\/dekkbi.com\/index.php?rest_route=%2Fwp%2Fv2%2Fmedia&parent=10126"}],"wp:term":[{"taxonomy":"category","embeddable":true,"href":"https:\/\/dekkbi.com\/index.php?rest_route=%2Fwp%2Fv2%2Fcategories&post=10126"},{"taxonomy":"post_tag","embeddable":true,"href":"https:\/\/dekkbi.com\/index.php?rest_route=%2Fwp%2Fv2%2Ftags&post=10126"}],"curies":[{"name":"wp","href":"https:\/\/api.w.org\/{rel}","templated":true}]}}