{"id":10120,"date":"2023-04-12T14:40:51","date_gmt":"2023-04-12T14:40:51","guid":{"rendered":"https:\/\/dekkbi.com\/?p=10120"},"modified":"2023-04-12T14:40:52","modified_gmt":"2023-04-12T14:40:52","slug":"diaspora-espagne-bby-reclame-la-visite-du-president-macky-sall","status":"publish","type":"post","link":"https:\/\/dekkbi.com\/?p=10120","title":{"rendered":"Diaspora \/ Espagne : Bby r\u00e9clame la visite du Pr\u00e9sident Macky Sall"},"content":{"rendered":"\n<p>Pour la massification de la mouvance pr\u00e9sidentielle dans la diaspora, les militants de Benno Bokk Yaakar (Bby) qui r\u00e9sident en Espagne veulent que le Pr\u00e9sident Macky Sall leur rende visite. \u00ab&nbsp;<em>Le pr\u00e9sident de la R\u00e9publique ne doit pas oublier que l\u2019Espagne est la porte de l\u2019Europe. Et que le S\u00e9n\u00e9gal compte un nombre important d\u2019immigr\u00e9s en Espagne. Il y a plus de 20 mille jeunes qui sont pass\u00e9s par la mer pour venir en Espagne. Le Pr\u00e9sident peut r\u00e9cup\u00e9rer beaucoup de jeunes ici. Il doit venir ici pour nous pr\u00eater main forte<\/em>\u00bb, a d\u00e9clar\u00e9 Awa Cheikh Mbengue, repr\u00e9sentante de la diaspora d\u2019Espagne au sein du Conseil \u00e9conomique, social et environnemental (Cese), relate \u00ab\u00a0L&rsquo;As\u00a0\u00bb.<\/p>\n\n\n\n<p>La responsable de l\u2019Alliance pour la R\u00e9publique (Apr) en Espagne, a fait cette d\u00e9claration apr\u00e8s une rencontre, le 7 avril 2023, qui a r\u00e9uni tous les responsables de Bby de la diaspora espagnole. Comme un seul bloc, ces derniers ont investi Macky Sall pour d\u00e9fendre les couleurs de la mouvance pr\u00e9sidentielle aux prochaines joutes \u00e9lectorales. Ils disent ainsi qu\u2019ils vont faire tout leur possible pour la r\u00e9\u00e9lection du chef de \u00c9tat en 2024. \u00ab<em>En retour, la Diaspora espagnole demande avec la derni\u00e8re \u00e9nergie, la visite du Pr\u00e9sident en Espagne, car ses militants sympathisants et compatriotes le r\u00e9clament. Depuis sa derni\u00e8re visite en 2014, le chef de l&rsquo;Etat n&rsquo;est pas revenu en Espagne et ils le r\u00e9clament pour l&rsquo;honorer pour ses nombreuses r\u00e9alisations \u00e0 travers le pays. C&rsquo;est une urgence et un d\u00e9sir ardent, la venue du Pr\u00e9sident<\/em>\u00bb, ajoute la repr\u00e9sentante de la diaspora d\u2019Espagne au sein du Conseil \u00e9conomique, social et environnemental (Cese).<\/p>\n\n\n\n<p>En effet, pour les supporters de Macky Sall, son passage au pays de Juan Carlos devrait remobiliser la troupe qui se sent ignor\u00e9e par Macky Sall, dont le dernier voyage en Espagne date de 2014.<\/p>\n\n\n\n<p>Source &#8211; <strong>Nd\u00e8ye Fatou K\u00e9b\u00e9<\/strong> &#8211; <strong>leral.net<\/strong><\/p>\n","protected":false},"excerpt":{"rendered":"<p>Pour la massification de la mouvance pr\u00e9sidentielle dans la diaspora, les militants de Benno Bokk Yaakar (Bby) qui r\u00e9sident en<\/p>\n","protected":false},"author":1,"featured_media":10121,"comment_status":"open","ping_status":"open","sticky":false,"template":"","format":"standard","meta":{"footnotes":""},"categories":[51],"tags":[],"class_list":["post-10120","post","type-post","status-publish","format-standard","has-post-thumbnail","hentry","category-general"],"_links":{"self":[{"href":"https:\/\/dekkbi.com\/index.php?rest_route=\/wp\/v2\/posts\/10120","targetHints":{"allow":["GET"]}}],"collection":[{"href":"https:\/\/dekkbi.com\/index.php?rest_route=\/wp\/v2\/posts"}],"about":[{"href":"https:\/\/dekkbi.com\/index.php?rest_route=\/wp\/v2\/types\/post"}],"author":[{"embeddable":true,"href":"https:\/\/dekkbi.com\/index.php?rest_route=\/wp\/v2\/users\/1"}],"replies":[{"embeddable":true,"href":"https:\/\/dekkbi.com\/index.php?rest_route=%2Fwp%2Fv2%2Fcomments&post=10120"}],"version-history":[{"count":1,"href":"https:\/\/dekkbi.com\/index.php?rest_route=\/wp\/v2\/posts\/10120\/revisions"}],"predecessor-version":[{"id":10122,"href":"https:\/\/dekkbi.com\/index.php?rest_route=\/wp\/v2\/posts\/10120\/revisions\/10122"}],"wp:featuredmedia":[{"embeddable":true,"href":"https:\/\/dekkbi.com\/index.php?rest_route=\/wp\/v2\/media\/10121"}],"wp:attachment":[{"href":"https:\/\/dekkbi.com\/index.php?rest_route=%2Fwp%2Fv2%2Fmedia&parent=10120"}],"wp:term":[{"taxonomy":"category","embeddable":true,"href":"https:\/\/dekkbi.com\/index.php?rest_route=%2Fwp%2Fv2%2Fcategories&post=10120"},{"taxonomy":"post_tag","embeddable":true,"href":"https:\/\/dekkbi.com\/index.php?rest_route=%2Fwp%2Fv2%2Ftags&post=10120"}],"curies":[{"name":"wp","href":"https:\/\/api.w.org\/{rel}","templated":true}]}}