{"id":10114,"date":"2023-04-12T14:29:57","date_gmt":"2023-04-12T14:29:57","guid":{"rendered":"https:\/\/dekkbi.com\/?p=10114"},"modified":"2023-04-12T14:29:58","modified_gmt":"2023-04-12T14:29:58","slug":"dr-babacar-niang-je-nai-signe-aucune-convention-avec-pastef","status":"publish","type":"post","link":"https:\/\/dekkbi.com\/?p=10114","title":{"rendered":"Dr Babacar Niang\u00a0: \u00ab\u00a0Je N\u2019ai Sign\u00e9 Aucune Convention Avec Pastef\u00a0\u00bb"},"content":{"rendered":"\n<p>Le Dr Babacar Niang brise enfin le silence, quelques semaines apr\u00e8s son interpellation, suite au d\u00e9c\u00e8s de Mamadou Ly dit Doudou Fall, un temps \u00e9vacu\u00e9 au niveau de sa clinique. Le patron de la clinique Suma Assistance est \u00e9galement revenu sur les conditions dans lesquelles le leader de Pastef s\u2019est retrouv\u00e9 dans sa structure.<\/p>\n\n\n\n<p>&nbsp;\u00abOusmane Sonko a d\u00e9j\u00e0 son minist\u00e8re de la Sant\u00e9 qui a une possibilit\u00e9 de prise en charge. C\u2019est pourquoi&nbsp; on a pos\u00e9 la question. Je n\u2019ai sign\u00e9 aucune convention avec Pastef et je poursuivrai quiconque s\u2019aventure dans&nbsp; ce domaine, parce qu\u2019il ne peut pas le prouver. En r\u00e9sum\u00e9, nous sommes all\u00e9s le prendre. Nous avons essay\u00e9 de le soigner et aujourd\u2019hui, le procureur nous a lynch\u00e9s. Je ne peux pas me promener \u00e0 la M\u00e9dina. C\u2019est comme si j\u2019avais tu\u00e9 de sang-froid Doudou Fall\u00bb, a indiqu\u00e9 le Dr Niang, dans des propos relay\u00e9s par Seneweb.<\/p>\n\n\n\n<p>A l\u2019en croire, la d\u00e9cision d\u2019emmener le leader de Pastef dans sa structure rel\u00e8ve des proches de ce dernier. \u00abDans la clinique, il y a de l\u2019h\u00f4tellerie. Les femmes qui viennent accoucher, je ne les vois pas. Elles viennent avec leur gyn\u00e9co, accouchent et repartent de la m\u00eame mani\u00e8re. Sonko peut louer une chambre et se faire suivre par son m\u00e9decin \u00e0 Suma. La preuve, je n\u2019\u00e9tais pas l\u00e0. Depuis la Covid, je fais l\u2019objet d\u2019interpellation et le rapport de la Cour des comptes m\u2019a donn\u00e9 raison\u00bb, a-t-il ajout\u00e9.<\/p>\n\n\n\n<p>SOURCE &#8211; lasnews<\/p>\n","protected":false},"excerpt":{"rendered":"<p>Le Dr Babacar Niang brise enfin le silence, quelques semaines apr\u00e8s son interpellation, suite au d\u00e9c\u00e8s de Mamadou Ly dit<\/p>\n","protected":false},"author":1,"featured_media":10115,"comment_status":"open","ping_status":"open","sticky":false,"template":"","format":"standard","meta":{"footnotes":""},"categories":[6],"tags":[],"class_list":["post-10114","post","type-post","status-publish","format-standard","has-post-thumbnail","hentry","category-politics"],"_links":{"self":[{"href":"https:\/\/dekkbi.com\/index.php?rest_route=\/wp\/v2\/posts\/10114","targetHints":{"allow":["GET"]}}],"collection":[{"href":"https:\/\/dekkbi.com\/index.php?rest_route=\/wp\/v2\/posts"}],"about":[{"href":"https:\/\/dekkbi.com\/index.php?rest_route=\/wp\/v2\/types\/post"}],"author":[{"embeddable":true,"href":"https:\/\/dekkbi.com\/index.php?rest_route=\/wp\/v2\/users\/1"}],"replies":[{"embeddable":true,"href":"https:\/\/dekkbi.com\/index.php?rest_route=%2Fwp%2Fv2%2Fcomments&post=10114"}],"version-history":[{"count":1,"href":"https:\/\/dekkbi.com\/index.php?rest_route=\/wp\/v2\/posts\/10114\/revisions"}],"predecessor-version":[{"id":10116,"href":"https:\/\/dekkbi.com\/index.php?rest_route=\/wp\/v2\/posts\/10114\/revisions\/10116"}],"wp:featuredmedia":[{"embeddable":true,"href":"https:\/\/dekkbi.com\/index.php?rest_route=\/wp\/v2\/media\/10115"}],"wp:attachment":[{"href":"https:\/\/dekkbi.com\/index.php?rest_route=%2Fwp%2Fv2%2Fmedia&parent=10114"}],"wp:term":[{"taxonomy":"category","embeddable":true,"href":"https:\/\/dekkbi.com\/index.php?rest_route=%2Fwp%2Fv2%2Fcategories&post=10114"},{"taxonomy":"post_tag","embeddable":true,"href":"https:\/\/dekkbi.com\/index.php?rest_route=%2Fwp%2Fv2%2Ftags&post=10114"}],"curies":[{"name":"wp","href":"https:\/\/api.w.org\/{rel}","templated":true}]}}