{"id":10088,"date":"2023-04-12T12:53:12","date_gmt":"2023-04-12T12:53:12","guid":{"rendered":"https:\/\/dekkbi.com\/?p=10088"},"modified":"2023-04-12T12:53:13","modified_gmt":"2023-04-12T12:53:13","slug":"arrestation-de-assane-diouf-khalifa-sall-y-voit-les-etincelles-dun-regime-finissant","status":"publish","type":"post","link":"https:\/\/dekkbi.com\/?p=10088","title":{"rendered":"Arrestation de Assane Diouf : Khalifa Sall y voit les \u00e9tincelles \u00ab\u00a0d&rsquo;un r\u00e9gime finissant\u00a0\u00bb"},"content":{"rendered":"\n<p>\u00a0 \u00a0Selon Khalifa Ababacar Sall, l\u2019arrestation de Assane Diouf r\u00e9v\u00e8le la psychose qui s&rsquo;est install\u00e9e au sein d&rsquo;un r\u00e9gime finissant.\u00a0<\/p>\n\n\n\n<p><br>\u00ab\u00a0L\u2019arrestation r\u00e9cente de Assane Diouf r\u00e9v\u00e8le la psychose d\u2019un r\u00e9gime finissant qui, d\u00e9sormais, s\u2019arroge le droit d\u2019emprisonner un citoyen pour des faits non av\u00e9r\u00e9s. J\u2019apporte tout mon soutien \u00e0 Assane Diouf, pers\u00e9cut\u00e9 et injustement maintenu en d\u00e9tention\u00a0\u00bb, indique Khalifa Ababacar Sall.\u00a0<\/p>\n\n\n\n<p><br>Assane Diouf a \u00e9t\u00e9 arr\u00eat\u00e9 par les agents de la Division des Investigations Criminelles (DIC) pour propos outrageants \u00e0 l&rsquo;endroit du pr\u00e9sident Macky Sall et appel \u00e0 un soul\u00e8vement\u00a0 populaire.\u00a0<\/p>\n\n\n\n<p>Source &#8211; khady Ndoye &#8211; Seneweb<\/p>\n","protected":false},"excerpt":{"rendered":"<p>\u00a0 \u00a0Selon Khalifa Ababacar Sall, l\u2019arrestation de Assane Diouf r\u00e9v\u00e8le la psychose qui s&rsquo;est install\u00e9e au sein d&rsquo;un r\u00e9gime finissant.\u00a0<\/p>\n","protected":false},"author":1,"featured_media":10089,"comment_status":"open","ping_status":"open","sticky":false,"template":"","format":"standard","meta":{"footnotes":""},"categories":[6],"tags":[],"class_list":["post-10088","post","type-post","status-publish","format-standard","has-post-thumbnail","hentry","category-politics"],"_links":{"self":[{"href":"https:\/\/dekkbi.com\/index.php?rest_route=\/wp\/v2\/posts\/10088","targetHints":{"allow":["GET"]}}],"collection":[{"href":"https:\/\/dekkbi.com\/index.php?rest_route=\/wp\/v2\/posts"}],"about":[{"href":"https:\/\/dekkbi.com\/index.php?rest_route=\/wp\/v2\/types\/post"}],"author":[{"embeddable":true,"href":"https:\/\/dekkbi.com\/index.php?rest_route=\/wp\/v2\/users\/1"}],"replies":[{"embeddable":true,"href":"https:\/\/dekkbi.com\/index.php?rest_route=%2Fwp%2Fv2%2Fcomments&post=10088"}],"version-history":[{"count":1,"href":"https:\/\/dekkbi.com\/index.php?rest_route=\/wp\/v2\/posts\/10088\/revisions"}],"predecessor-version":[{"id":10090,"href":"https:\/\/dekkbi.com\/index.php?rest_route=\/wp\/v2\/posts\/10088\/revisions\/10090"}],"wp:featuredmedia":[{"embeddable":true,"href":"https:\/\/dekkbi.com\/index.php?rest_route=\/wp\/v2\/media\/10089"}],"wp:attachment":[{"href":"https:\/\/dekkbi.com\/index.php?rest_route=%2Fwp%2Fv2%2Fmedia&parent=10088"}],"wp:term":[{"taxonomy":"category","embeddable":true,"href":"https:\/\/dekkbi.com\/index.php?rest_route=%2Fwp%2Fv2%2Fcategories&post=10088"},{"taxonomy":"post_tag","embeddable":true,"href":"https:\/\/dekkbi.com\/index.php?rest_route=%2Fwp%2Fv2%2Ftags&post=10088"}],"curies":[{"name":"wp","href":"https:\/\/api.w.org\/{rel}","templated":true}]}}