{"id":10085,"date":"2023-04-12T12:43:26","date_gmt":"2023-04-12T12:43:26","guid":{"rendered":"https:\/\/dekkbi.com\/?p=10085"},"modified":"2023-04-12T12:43:27","modified_gmt":"2023-04-12T12:43:27","slug":"festival-international-du-cinema-et-de-laudiovisuel-du-senegal-entre-organisation-et-defis-de-durabilite","status":"publish","type":"post","link":"https:\/\/dekkbi.com\/?p=10085","title":{"rendered":"Festival international du cin\u00e9ma et de l\u2019audiovisuel du S\u00e9n\u00e9gal : entre organisation et d\u00e9fis de durabilit\u00e9"},"content":{"rendered":"\n<p><strong>Les concertations ont d\u00e9marr\u00e9 pour le lancement du Festival international du cin\u00e9ma et de l\u2019audiovisuel du S\u00e9n\u00e9gal en vue de c\u00e9l\u00e9brer le g\u00e9nie cr\u00e9ateur s\u00e9n\u00e9galais. Cependant, il se pose aujourd\u2019hui le d\u00e9fi de la durabilit\u00e9 face \u00e0 des Rencontres cin\u00e9matographiques de Dakar (RECIDAK) qui peinent \u00e0 \u00e9merger.<\/strong><\/p>\n\n\n\n<p>Le ministre de la Culture et du Patrimoine historique, Aliou Sow a annonc\u00e9, en marge du Fespaco \u00e0 Ouagadougou, le lancement de la premi\u00e8re \u00e9dition du Festival international du cin\u00e9ma et de l\u2019audiovisuel du S\u00e9n\u00e9gal (FICASE) \u00e0 Dakar, Gor\u00e9e, Saint-Louis et Saly. Ce qui n\u2019a pas laiss\u00e9 de marbre le d\u00e9l\u00e9gu\u00e9 g\u00e9n\u00e9ral du FESPACO. Faisant allusion \u00e0 Aliou Sow, Moussa Alew Sawadogo dira&nbsp;: \u00ab En aucun cas, un festival ne peut \u00eatre copi\u00e9. On peut copier le Fespaco, mais on ne va jamais l\u2019\u00e9galer. Ce n\u2019est pas une question d\u2019argent, il y a des pays plus puissants financi\u00e8rement qui ont essay\u00e9, mais ils n\u2019y sont pas arriv\u00e9s. C\u2019est notre savoir-faire burkinab\u00e8 \u00bb. Et d\u2019ajouter&nbsp;: \u00ab Un festival, c\u2019est une philosophie et une identit\u00e9. Ce n\u2019est parce que nous sommes sur le continent africain qu\u2019on parle toujours de concurrence entre les festivals. De l\u2019autre c\u00f4t\u00e9 de la M\u00e9diterran\u00e9e, entre Berlin et la France, il y a deux gros festivals, \u00e0 savoir Cannes et la Berlinale&nbsp;\u00bb.<\/p>\n\n\n\n<p>Apr\u00e8s l\u2019annonce du ministre de la Culture et du Patrimoine historique, certains acteurs culturels ont appr\u00e9ci\u00e9 le projet tandis que d\u2019autres ont d\u00e9nonc\u00e9 un manque de concertations. Sur ce, pour la faisabilit\u00e9 du festival, le ministre de la Culture et du Patrimoine historique a pr\u00e9sid\u00e9 le 23 mars une rencontre d\u2019\u00e9changes avec des acteurs du cin\u00e9ma et de l\u2019audiovisuel au Grand Th\u00e9\u00e2tre. Aliou Sow est revenu sur l\u2019objectif du FICASE. \u00ab&nbsp;Le S\u00e9n\u00e9gal doit rassembler le monde ici pour c\u00e9l\u00e9brer la fraternit\u00e9 artistique et culturelle et montrer qui nous sommes, c\u00e9l\u00e9brer notre g\u00e9nie cr\u00e9ateur&nbsp;\u00bb, a dit Aliou Sow. \u00ab&nbsp;Nous remportons des prix. Partout, nous sommes cit\u00e9s. Ousmane Semb\u00e8ne, Djibril Diop Mamb\u00e9ty et tous les autres sont connus partout. Au niveau de la diaspora, les Omar Sy et nos autres s\u0153urs et fr\u00e8res rayonnent partout, c\u2019est le S\u00e9n\u00e9gal&nbsp;\u00bb, a poursuivi le ministre.<\/p>\n\n\n\n<p>Se voulant plus clair, le ministre qui a promis de ressusciter les Rencontres cin\u00e9matographiques de Dakar (RECIDAK) au courant de l\u2019ann\u00e9e 2023 soutient&nbsp;: \u00abLe FICASE n\u2019est pas en contradiction avec les RECIDAK. Revenons \u00e0 la r\u00e9alit\u00e9&nbsp;! Les RECIDAK, ce sont des conf\u00e9rences, colloques, des \u00e9changes, il n\u2019y a pas de comp\u00e9tition, pas de prix&nbsp;\u00bb. Et de poursuivre&nbsp;:&nbsp;\u00ab&nbsp;Je les ai trouv\u00e9es mortes, je ne les ai pas tu\u00e9es&nbsp;\u00bb. Initi\u00e9es en 1990, les Rencontres cin\u00e9matographiques de Dakar se tenaient annuellement sous la direction du Consortium de communication audiovisuelle en Afrique, que dirigeait la journaliste Annette Mbaye d\u2019Erneville. La derni\u00e8re \u00e9dition des RECIDAK remonte \u00e0 2018. Sur le FESPACO, le ministre dira&nbsp;: \u00ab&nbsp;Le FESPACO est notre festival \u00e0 nous tous. C\u2019est pourquoi le S\u00e9n\u00e9gal s\u2019implique de la meilleure des mani\u00e8res pour la r\u00e9ussite du FESPACO. On fait beaucoup de choses connues ou pas connues pour que le FESPACO rayonne parce que c\u2019est un patrimoine africain, du S\u00e9n\u00e9gal et de Semb\u00e8ne Ousmane&nbsp;\u00bb, a soulign\u00e9 Aliou Sow. D\u2019ailleurs, la premi\u00e8re \u00e9dition du FICASE sera d\u00e9di\u00e9e \u00e0 Semb\u00e8ne Ousmane. Cependant, le d\u00e9fi de la durabilit\u00e9 du FICASE se pose.<\/p>\n\n\n\n<p>Source &#8211; <strong>M DJIGO<\/strong> de sudquotidien<\/p>\n","protected":false},"excerpt":{"rendered":"<p>Les concertations ont d\u00e9marr\u00e9 pour le lancement du Festival international du cin\u00e9ma et de l\u2019audiovisuel du S\u00e9n\u00e9gal en vue de<\/p>\n","protected":false},"author":1,"featured_media":10086,"comment_status":"open","ping_status":"open","sticky":false,"template":"","format":"standard","meta":{"footnotes":""},"categories":[21],"tags":[],"class_list":["post-10085","post","type-post","status-publish","format-standard","has-post-thumbnail","hentry","category-societe"],"_links":{"self":[{"href":"https:\/\/dekkbi.com\/index.php?rest_route=\/wp\/v2\/posts\/10085","targetHints":{"allow":["GET"]}}],"collection":[{"href":"https:\/\/dekkbi.com\/index.php?rest_route=\/wp\/v2\/posts"}],"about":[{"href":"https:\/\/dekkbi.com\/index.php?rest_route=\/wp\/v2\/types\/post"}],"author":[{"embeddable":true,"href":"https:\/\/dekkbi.com\/index.php?rest_route=\/wp\/v2\/users\/1"}],"replies":[{"embeddable":true,"href":"https:\/\/dekkbi.com\/index.php?rest_route=%2Fwp%2Fv2%2Fcomments&post=10085"}],"version-history":[{"count":1,"href":"https:\/\/dekkbi.com\/index.php?rest_route=\/wp\/v2\/posts\/10085\/revisions"}],"predecessor-version":[{"id":10087,"href":"https:\/\/dekkbi.com\/index.php?rest_route=\/wp\/v2\/posts\/10085\/revisions\/10087"}],"wp:featuredmedia":[{"embeddable":true,"href":"https:\/\/dekkbi.com\/index.php?rest_route=\/wp\/v2\/media\/10086"}],"wp:attachment":[{"href":"https:\/\/dekkbi.com\/index.php?rest_route=%2Fwp%2Fv2%2Fmedia&parent=10085"}],"wp:term":[{"taxonomy":"category","embeddable":true,"href":"https:\/\/dekkbi.com\/index.php?rest_route=%2Fwp%2Fv2%2Fcategories&post=10085"},{"taxonomy":"post_tag","embeddable":true,"href":"https:\/\/dekkbi.com\/index.php?rest_route=%2Fwp%2Fv2%2Ftags&post=10085"}],"curies":[{"name":"wp","href":"https:\/\/api.w.org\/{rel}","templated":true}]}}