{"id":10073,"date":"2023-04-12T12:09:25","date_gmt":"2023-04-12T12:09:25","guid":{"rendered":"https:\/\/dekkbi.com\/?p=10073"},"modified":"2023-04-12T12:09:25","modified_gmt":"2023-04-12T12:09:25","slug":"massacre-du-28-septembre-en-guinee-ben-youssouf-keita-un-temoin-cle-au-proces","status":"publish","type":"post","link":"https:\/\/dekkbi.com\/?p=10073","title":{"rendered":"Massacre du 28-Septembre en Guin\u00e9e: Ben Youssouf Keita, un t\u00e9moin cl\u00e9 au proc\u00e8s"},"content":{"rendered":"\n<p><strong>Apr\u00e8s Bah Oury et l\u2019ancien Premier ministre Fran\u00e7ois Louc\u00e9ny Fall, c\u2019\u00e9tait au tour de Ben Youssouf Keita, alors haut responsable de l\u2019UFDG, principale formation du pays, de t\u00e9moigner, le mardi 11 avril, au proc\u00e8s du massacre du stade du 28-Septembre.<\/strong><\/p>\n\n\n\n<p><em>Avec notre correspondant \u00e0 Conakry,&nbsp;<\/em><strong>Mouctar Bah<\/strong><\/p>\n\n\n\n<p>Pour l\u2019ancien bras droit de Cellou Dalein Diallo, actuel leader de l\u2019Alliance pour le changement et le progr\u00e8s, t\u00e9moigner \u00e0 cette barre est un devoir,&nbsp;en m\u00e9moire des victimes.&nbsp;\u00ab<em>&nbsp;La raison qui m\u2019a pouss\u00e9 \u00e0 t\u00e9moigner est un devoir de m\u00e9moire, une dette morale que je dois \u00e0 mes compagnons qui sont tomb\u00e9s le 28 septembre 2009,<\/em>&nbsp;a d\u00e9clar\u00e9&nbsp;Ben Youssouf Keita.&nbsp;<em>Pour nous qui avons eu la vie sauve, nous devons t\u00e9moigner pour ceux qui sont morts pour la d\u00e9mocratie pour laquelle nous nous b\u00e2tions tous.&nbsp;<\/em>\u00bb&nbsp;&nbsp;<\/p>\n\n\n\n<p>Ce jour-l\u00e0, dans le stade du m\u00eame nom, des dizaines de militants de l\u2019opposition au r\u00e9gime militaire d\u2019alors dirig\u00e9 par le capitaine Moussa Dadis Camara, avaient \u00e9t\u00e9 sauvagement massacr\u00e9s par des soldats de l\u2019arm\u00e9e r\u00e9guli\u00e8re.<\/p>\n\n\n\n<p>Cet ancien haut responsable de l&rsquo;UFDG est entendu en tant que t\u00e9moin et victime du massacre. Pour lui, il faut que le tribunal aide \u00e0 retrouver les donneurs d\u2019ordre.&nbsp;\u00ab<em>&nbsp;Qu\u2019on sache quels sont les commanditaires en r\u00e9alit\u00e9, pas les menus fretins qui ont ex\u00e9cut\u00e9 et qu\u2019ils prennent leur responsabilit\u00e9 afin que justice soit rendue et que la Guin\u00e9e se r\u00e9concilie avec elle-m\u00eame<\/em>&nbsp;\u00bb, souligne-t-il.&nbsp;<\/p>\n\n\n\n<h2 class=\"wp-block-heading\">Son \u00e9pouse battue jusqu&rsquo;au sang<\/h2>\n\n\n\n<p>Devant la cour, Ben Youssouf Keita affirme que, ce jour-l\u00e0, des militaires, les hommes du colonel&nbsp;Moussa Thi\u00e9gboro&nbsp;Camara, ont frapp\u00e9&nbsp;jusqu\u2019au sang&nbsp;son \u00e9pouse. Et que ce haut grad\u00e9 a refus\u00e9 de lui porter secours.&nbsp;<\/p>\n\n\n\n<p>L\u2019avocat du colonel Camara,&nbsp;Me Abdoulaye Keita,&nbsp;se dit serein.&nbsp;\u00ab&nbsp;<em>Nous allons demander la comparution de sa femme pour venir reprendre tout ce que son mari a dit dans ce PV,&nbsp;<\/em>a-t-il indiqu\u00e9.<em>&nbsp;D\u2019ailleurs, cela ne nuit pas \u00e0 notre client, le colonel Ti\u00e9gboro est serein, ses avocats sont sereins, nous n\u2019avons aucun probl\u00e8me. Il va sortir dans ce proc\u00e8s-l\u00e0 victorieux.<\/em>&nbsp;\u00bb<\/p>\n\n\n\n<p>Ben Youssouf Keita, t\u00e9moin cl\u00e9 de ces violences et m\u00e9decin de profession, affirme avoir soign\u00e9 apr\u00e8s le massacre une dizaine de femmes victimes de viol.\u00a0<\/p>\n\n\n\n<p>Source &#8211; rfi<\/p>\n","protected":false},"excerpt":{"rendered":"<p>Apr\u00e8s Bah Oury et l\u2019ancien Premier ministre Fran\u00e7ois Louc\u00e9ny Fall, c\u2019\u00e9tait au tour de Ben Youssouf Keita, alors haut responsable<\/p>\n","protected":false},"author":1,"featured_media":10074,"comment_status":"open","ping_status":"open","sticky":false,"template":"","format":"standard","meta":{"footnotes":""},"categories":[51],"tags":[],"class_list":["post-10073","post","type-post","status-publish","format-standard","has-post-thumbnail","hentry","category-general"],"_links":{"self":[{"href":"https:\/\/dekkbi.com\/index.php?rest_route=\/wp\/v2\/posts\/10073","targetHints":{"allow":["GET"]}}],"collection":[{"href":"https:\/\/dekkbi.com\/index.php?rest_route=\/wp\/v2\/posts"}],"about":[{"href":"https:\/\/dekkbi.com\/index.php?rest_route=\/wp\/v2\/types\/post"}],"author":[{"embeddable":true,"href":"https:\/\/dekkbi.com\/index.php?rest_route=\/wp\/v2\/users\/1"}],"replies":[{"embeddable":true,"href":"https:\/\/dekkbi.com\/index.php?rest_route=%2Fwp%2Fv2%2Fcomments&post=10073"}],"version-history":[{"count":1,"href":"https:\/\/dekkbi.com\/index.php?rest_route=\/wp\/v2\/posts\/10073\/revisions"}],"predecessor-version":[{"id":10075,"href":"https:\/\/dekkbi.com\/index.php?rest_route=\/wp\/v2\/posts\/10073\/revisions\/10075"}],"wp:featuredmedia":[{"embeddable":true,"href":"https:\/\/dekkbi.com\/index.php?rest_route=\/wp\/v2\/media\/10074"}],"wp:attachment":[{"href":"https:\/\/dekkbi.com\/index.php?rest_route=%2Fwp%2Fv2%2Fmedia&parent=10073"}],"wp:term":[{"taxonomy":"category","embeddable":true,"href":"https:\/\/dekkbi.com\/index.php?rest_route=%2Fwp%2Fv2%2Fcategories&post=10073"},{"taxonomy":"post_tag","embeddable":true,"href":"https:\/\/dekkbi.com\/index.php?rest_route=%2Fwp%2Fv2%2Ftags&post=10073"}],"curies":[{"name":"wp","href":"https:\/\/api.w.org\/{rel}","templated":true}]}}