{"id":10070,"date":"2023-04-12T11:58:49","date_gmt":"2023-04-12T11:58:49","guid":{"rendered":"https:\/\/dekkbi.com\/?p=10070"},"modified":"2023-04-12T11:58:49","modified_gmt":"2023-04-12T11:58:49","slug":"ter-maty-gning-la-cause-des-perturbations","status":"publish","type":"post","link":"https:\/\/dekkbi.com\/?p=10070","title":{"rendered":"TER : Maty Gning, la cause des perturbations"},"content":{"rendered":"\n<p>Seneweb a relev\u00e9 ce mercredi matin des perturbations sur le r\u00e9seau du TER. Au niveau de la gare de Keur Mbaye Fall par exemple, une longue file d\u2019attente a \u00e9t\u00e9 not\u00e9e. Sur place, un agent a pr\u00e9venu que le temps d\u2019attente sera plus long avant de sugg\u00e9rer aux usagers de privil\u00e9gier les autres moyens de transport.<\/p>\n\n\n\n<p>La situation semble caus\u00e9e par un mouvement d\u2019humeur des travailleurs d\u00e9clench\u00e9 \u00e0 la suite de la cessation de la collaboration entre la SETER et l\u2019agent Maty Gning. Selon Lib\u00e9ration, la soci\u00e9t\u00e9 qui exploite le TER a notifi\u00e9 \u00e0 cette derni\u00e8re, hier, la fin de son contrat.<\/p>\n\n\n\n<p>Pourtant, signale le journal, Maty Gning devait voir son Contrat \u00e0 dur\u00e9e d\u00e9termin\u00e9e (CDD) passer Contrat \u00e0 dur\u00e9e ind\u00e9termin\u00e9e (CDI) apr\u00e8s qu\u2019elle a \u00e9t\u00e9 positivement not\u00e9e (4,33 sur 5) par ses sup\u00e9rieurs lors des \u00e9valuations de fin de cycle.<\/p>\n\n\n\n<p>La m\u00eame source croit savoir que cette derni\u00e8re a \u00e9t\u00e9 remerci\u00e9e \u00e0 cause de ses actions en tant que d\u00e9l\u00e9gu\u00e9e du personnel et pour avoir, selon la direction de la SETER, envoyer depuis son ordinateur de travail des mails de revendication de ses coll\u00e8gues.&nbsp;&nbsp; &nbsp;<\/p>\n\n\n\n<p>Un pr\u00e9avis de gr\u00e8ve a \u00e9t\u00e9 d\u00e9pos\u00e9 pour ce mercredi . Lib\u00e9ration rapporte que le coll\u00e8ge des d\u00e9l\u00e9gu\u00e9s est fissur\u00e9 \u00e0 propos de celui-ci. Les uns \u00e9tant pr\u00eats \u00e0 aller en gr\u00e8ve tandis que les autres sont contre.<\/p>\n\n\n\n<p>Guy-Marius Sagna, cit\u00e9 pr\u00e9c\u00e9demment par Seneweb, affirme que cette affaire est effectivement \u00e0 l\u2019origine des perturbations not\u00e9es ce matin sur le r\u00e9seau du TER.<\/p>\n\n\n\n<p>Source &#8211;  seneweb<\/p>\n","protected":false},"excerpt":{"rendered":"<p>Seneweb a relev\u00e9 ce mercredi matin des perturbations sur le r\u00e9seau du TER. Au niveau de la gare de Keur<\/p>\n","protected":false},"author":1,"featured_media":10071,"comment_status":"open","ping_status":"open","sticky":false,"template":"","format":"standard","meta":{"footnotes":""},"categories":[21],"tags":[],"class_list":["post-10070","post","type-post","status-publish","format-standard","has-post-thumbnail","hentry","category-societe"],"_links":{"self":[{"href":"https:\/\/dekkbi.com\/index.php?rest_route=\/wp\/v2\/posts\/10070","targetHints":{"allow":["GET"]}}],"collection":[{"href":"https:\/\/dekkbi.com\/index.php?rest_route=\/wp\/v2\/posts"}],"about":[{"href":"https:\/\/dekkbi.com\/index.php?rest_route=\/wp\/v2\/types\/post"}],"author":[{"embeddable":true,"href":"https:\/\/dekkbi.com\/index.php?rest_route=\/wp\/v2\/users\/1"}],"replies":[{"embeddable":true,"href":"https:\/\/dekkbi.com\/index.php?rest_route=%2Fwp%2Fv2%2Fcomments&post=10070"}],"version-history":[{"count":1,"href":"https:\/\/dekkbi.com\/index.php?rest_route=\/wp\/v2\/posts\/10070\/revisions"}],"predecessor-version":[{"id":10072,"href":"https:\/\/dekkbi.com\/index.php?rest_route=\/wp\/v2\/posts\/10070\/revisions\/10072"}],"wp:featuredmedia":[{"embeddable":true,"href":"https:\/\/dekkbi.com\/index.php?rest_route=\/wp\/v2\/media\/10071"}],"wp:attachment":[{"href":"https:\/\/dekkbi.com\/index.php?rest_route=%2Fwp%2Fv2%2Fmedia&parent=10070"}],"wp:term":[{"taxonomy":"category","embeddable":true,"href":"https:\/\/dekkbi.com\/index.php?rest_route=%2Fwp%2Fv2%2Fcategories&post=10070"},{"taxonomy":"post_tag","embeddable":true,"href":"https:\/\/dekkbi.com\/index.php?rest_route=%2Fwp%2Fv2%2Ftags&post=10070"}],"curies":[{"name":"wp","href":"https:\/\/api.w.org\/{rel}","templated":true}]}}