{"id":10059,"date":"2023-04-12T11:35:00","date_gmt":"2023-04-12T11:35:00","guid":{"rendered":"https:\/\/dekkbi.com\/?p=10059"},"modified":"2023-04-12T11:35:00","modified_gmt":"2023-04-12T11:35:00","slug":"indignation-apres-la-diffusion-dune-video-de-decapitation-dun-presume-soldat-ukrainien","status":"publish","type":"post","link":"https:\/\/dekkbi.com\/?p=10059","title":{"rendered":"Indignation apr\u00e8s la diffusion d&rsquo;une vid\u00e9o de d\u00e9capitation d&rsquo;un pr\u00e9sum\u00e9 soldat ukrainien"},"content":{"rendered":"\n<p><strong>Les r\u00e9actions d\u2019indignation et de sid\u00e9ration se multiplient depuis ce mercredi 12 avril au matin apr\u00e8s la diffusion sur les r\u00e9seaux sociaux d\u2019une vid\u00e9o montrant ce qui semble \u00eatre la d\u00e9capitation d\u2019un soldat ukrainien par des soldats russes.<\/strong><\/p>\n\n\n\n<p>La vid\u00e9o, une minute quarante secondes d&rsquo;images insoutenables, circule depuis le mardi 11 avril. Sur celle-ci, un homme en camouflage, le visage masqu\u00e9, tranche le cou d&rsquo;un autre homme en uniforme se d\u00e9battant au sol en hurlant \u00ab&nbsp;<em>\u00e7a fait mal&nbsp;<\/em>\u00bb.&nbsp; Au bout de quelques secondes, les cris cessent et on entend un homme derri\u00e8re la cam\u00e9ra incitant en russe le bourreau \u00e0 \u00ab<em>&nbsp;couper la t\u00eate<\/em>&nbsp;\u00bb de la victime. Ce dernier finit sa d\u00e9capitation au couteau, et montre la t\u00eate tranch\u00e9e \u00e0 la cam\u00e9ra. \u00ab<em>&nbsp;Faut la foutre dans le sac et l&rsquo;envoyer au commandant<\/em>&nbsp;\u00bb dit une voix en russe. \u00c0 la cam\u00e9ra, on montre \u00e9galement le gilet de la victime barr\u00e9 du trident ukrainien et d&rsquo;une t\u00eate de mort.<\/p>\n\n\n\n<p>L&rsquo;Union europ\u00e9enne demandera \u00ab<em>\u00a0des comptes \u00e0 tous les auteurs et complices de crimes de guerre<\/em>\u00a0\u00bb en Ukraine a d\u00e9clar\u00e9 Nabila Massrali, une porte-parole du chef de la diplomatie europ\u00e9enne, apr\u00e8s la diffusion d&rsquo;une vid\u00e9o semblant montrer, selon Kiev, un soldat russe d\u00e9capitant au couteau un prisonnier ukrainien. La mission de l&rsquo;ONU pour les droits humains en Ukraine s&rsquo;est dite \u00ab\u00a0<em>horrifi\u00e9e\u00a0<\/em>\u00bb.<\/p>\n\n\n\n<h2 class=\"wp-block-heading\">\u00ab<em>&nbsp;Des monstres&nbsp;<\/em>\u00bb pour Kiev, une vid\u00e9o \u00e0 \u00ab<em>&nbsp;authentifier&nbsp;<\/em>\u00bb pour Moscou<\/h2>\n\n\n\n<p>Pour sa part, le pr\u00e9sident Volodymyr Zelensky a d\u00e9nonc\u00e9 mercredi des \u00ab<em>&nbsp;monstres&nbsp;<\/em>\u00bb russes. \u00ab<em>&nbsp;Cette vid\u00e9o de l&rsquo;ex\u00e9cution d&rsquo;un prisonnier de guerre ukrainien, le monde doit le voir. C&rsquo;est une vid\u00e9o de la Russie comme elle est<\/em>&nbsp;\u00bb, a-t-il lanc\u00e9 dans une vid\u00e9o publi\u00e9e sur Instagram. \u00ab<em>&nbsp;Ce n&rsquo;est pas un accident&nbsp;<\/em>[&#8230;]<em>&nbsp;Cela s&rsquo;est pass\u00e9 d\u00e9j\u00e0 plus t\u00f4t. C&rsquo;\u00e9tait comme \u00e7a \u00e0 Boutcha. Des milliers de fois<\/em>&nbsp;\u00bb, a-t-il poursuivi en r\u00e9f\u00e9rence \u00e0 la banlieue de Kiev, devenue symbole des atrocit\u00e9s attribu\u00e9es \u00e0 l&rsquo;arm\u00e9e russe. \u00ab<em>&nbsp;Peines de prison aux meurtriers, tribunal \u00e0 l&rsquo;\u00c9tat de mal<\/em>&nbsp;\u00bb, a-t-il rench\u00e9ri.<\/p>\n\n\n\n<p>L&rsquo;Union europ\u00e9enne n&rsquo;a \u00ab\u00a0<em>pas d&rsquo;informations sur la v\u00e9racit\u00e9 de la vid\u00e9o\u00a0<\/em>\u00bb, mais\u00a0 \u00ab\u00a0<em>si elle est confirm\u00e9e, il s&rsquo;agit d&rsquo;un nouveau rappel brutal de la nature inhumaine de l&rsquo;agression russe<\/em>\u00a0\u00bb. Le Kremlin a appel\u00e9 \u00e0 en v\u00e9rifier l&rsquo;\u00ab<em>\u00a0authenticit\u00e9<\/em>\u00a0\u00bb. \u00ab<em>\u00a0Il s&rsquo;agit bien s\u00fbr d&rsquo;images horribles<\/em>\u00a0\u00bb, a dit \u00e0 la presse le porte-parole de la pr\u00e9sidence russe, Dmitri Peskov. \u00ab<em>\u00a0Dans le monde de\u00a0<\/em>\u00ab\u00a0fakes\u00a0\u00bb<em>\u00a0dans lequel nous vivons, il faut s&rsquo;assurer de l&rsquo;authenticit\u00e9 de cette vid\u00e9o<\/em>\u00a0\u00bb, a-t-il ajout\u00e9.<\/p>\n\n\n\n<p>L&rsquo;ONU \u00e9voque aussi une seconde vid\u00e9o montrant \u00ab<em>&nbsp;les corps mutil\u00e9s, apparemment de prisonniers de guerre ukrainiens<\/em>&nbsp;\u00bb.<\/p>\n\n\n\n<h2 class=\"wp-block-heading\">Des accusations de mauvais traitement des prisonniers des deux c\u00f4t\u00e9s<\/h2>\n\n\n\n<p>Depuis le d\u00e9but de l&rsquo;invasion russe de l&rsquo;Ukraine en f\u00e9vrier 2022, Kiev et Moscou s&rsquo;accusent mutuellement de mauvais traitement de prisonniers constituant des crimes de guerre. D\u00e9but mars, une vid\u00e9o montrant l&rsquo;ex\u00e9cution pr\u00e9sum\u00e9e d&rsquo;un prisonnier de guerre ukrainien par des soldats russes a provoqu\u00e9 un choc en Ukraine. En novembre, le Kremlin s&rsquo;\u00e9tait lui indign\u00e9 de deux vid\u00e9os montrant l&rsquo;ex\u00e9cution pr\u00e9sum\u00e9e d&rsquo;une dizaine de militaires russes qui venaient de se rendre aux forces ukrainiennes.<\/p>\n\n\n\n<p>Fin mars, l&rsquo;ONU a accus\u00e9 les forces ukrainiennes et russes d&rsquo;avoir commis des ex\u00e9cutions sommaires de prisonniers de guerre pendant l&rsquo;invasion. La Russie nie en outre, en d\u00e9pit d&rsquo;\u00e9l\u00e9ments concordants, les ex\u00e9cutions sommaires de civils, en particulier \u00e0 Boutcha, pr\u00e8s de Kiev, il y a un an.<\/p>\n\n\n\n<p>Source &#8211; rfi<\/p>\n","protected":false},"excerpt":{"rendered":"<p>Les r\u00e9actions d\u2019indignation et de sid\u00e9ration se multiplient depuis ce mercredi 12 avril au matin apr\u00e8s la diffusion sur les<\/p>\n","protected":false},"author":1,"featured_media":10060,"comment_status":"open","ping_status":"open","sticky":false,"template":"","format":"standard","meta":{"footnotes":""},"categories":[51],"tags":[],"class_list":["post-10059","post","type-post","status-publish","format-standard","has-post-thumbnail","hentry","category-general"],"_links":{"self":[{"href":"https:\/\/dekkbi.com\/index.php?rest_route=\/wp\/v2\/posts\/10059","targetHints":{"allow":["GET"]}}],"collection":[{"href":"https:\/\/dekkbi.com\/index.php?rest_route=\/wp\/v2\/posts"}],"about":[{"href":"https:\/\/dekkbi.com\/index.php?rest_route=\/wp\/v2\/types\/post"}],"author":[{"embeddable":true,"href":"https:\/\/dekkbi.com\/index.php?rest_route=\/wp\/v2\/users\/1"}],"replies":[{"embeddable":true,"href":"https:\/\/dekkbi.com\/index.php?rest_route=%2Fwp%2Fv2%2Fcomments&post=10059"}],"version-history":[{"count":1,"href":"https:\/\/dekkbi.com\/index.php?rest_route=\/wp\/v2\/posts\/10059\/revisions"}],"predecessor-version":[{"id":10061,"href":"https:\/\/dekkbi.com\/index.php?rest_route=\/wp\/v2\/posts\/10059\/revisions\/10061"}],"wp:featuredmedia":[{"embeddable":true,"href":"https:\/\/dekkbi.com\/index.php?rest_route=\/wp\/v2\/media\/10060"}],"wp:attachment":[{"href":"https:\/\/dekkbi.com\/index.php?rest_route=%2Fwp%2Fv2%2Fmedia&parent=10059"}],"wp:term":[{"taxonomy":"category","embeddable":true,"href":"https:\/\/dekkbi.com\/index.php?rest_route=%2Fwp%2Fv2%2Fcategories&post=10059"},{"taxonomy":"post_tag","embeddable":true,"href":"https:\/\/dekkbi.com\/index.php?rest_route=%2Fwp%2Fv2%2Ftags&post=10059"}],"curies":[{"name":"wp","href":"https:\/\/api.w.org\/{rel}","templated":true}]}}