{"id":10040,"date":"2023-04-12T09:25:12","date_gmt":"2023-04-12T09:25:12","guid":{"rendered":"https:\/\/dekkbi.com\/?p=10040"},"modified":"2023-04-12T09:25:13","modified_gmt":"2023-04-12T09:25:13","slug":"est-de-la-rdc-apres-le-depart-des-rebelles-du-m23-de-kishishe-des-temoignages-sur-un-massacre","status":"publish","type":"post","link":"https:\/\/dekkbi.com\/?p=10040","title":{"rendered":"Est de la RDC: apr\u00e8s le d\u00e9part des rebelles du M23 de Kishishe, des t\u00e9moignages sur un massacre"},"content":{"rendered":"\n<p><strong>Dans l\u2019est de la RDC, le M23 poursuit son retrait des zones qu\u2019il occupait depuis plusieurs mois dans le Nord-Kivu alors que les troupes de la force de la communaut\u00e9 d\u2019Afrique de l\u2019Est sont en train de se d\u00e9ployer dans les positions remises par cette r\u00e9bellion, dont l\u2019ONU assure qu\u2019elle b\u00e9n\u00e9ficie du soutien du Rwanda voisin. Les rebelles ont notamment quitt\u00e9 la zone de Kishishe au centre du territoire du Rutshuru, proche du parc des Virunga. Un petit ensemble de villages dont le nom est d\u00e9sormais li\u00e9 \u00e0 un massacre que le M23 aurait commis \u00e0 la fin du mois de novembre 2022. Selon l\u2019ONU, pr\u00e8s de 170 civils y ont \u00e9t\u00e9 tu\u00e9s, entre 30 et 50 selon des organisations de d\u00e9fenses des droits de l\u2019homme, alors que le groupe arm\u00e9 \u00e9voque la mort de huit personnes dans les affrontements. Les populations qui avaient fui sont en train de regagner la zone et une \u00e9quipe de journalistes de l\u2019AFP a pu se rendre sur place pour recueillir des t\u00e9moignages.<\/strong><\/p>\n\n\n\n<p>C\u2019est la premi\u00e8re fois que des journalistes se rendent \u00e0 Kishishe de mani\u00e8re ind\u00e9pendante depuis les \u00e9v\u00e9nements de novembre dernier. L\u2019\u00e9quipe de l\u2019AFP dit \u00eatre arriv\u00e9e sur place le 5 avril soit trois jours apr\u00e8s le d\u00e9part des \u00e9l\u00e9ments du M23. Les t\u00e9moignages rapport\u00e9s recoupent les informations qui remontent du terrain ces derniers jours&nbsp;qui confirme l\u2019hypoth\u00e8se d\u2019un massacre commis dans ce regroupement de villages d\u2019un millier d\u2019habitants. Depuis le retrait des rebelles, les forces de la communaut\u00e9 est-africaine sont attendues sur place, mais en attendant, \u00ab<em>&nbsp;il n\u2019y a plus d\u2019autorit\u00e9s militaire<\/em>, confie une source locale.&nbsp;<em>Certains chefs coutumiers sont rentr\u00e9s et c\u2019est eux qui g\u00e8rent les affaires courantes.<\/em>&nbsp;\u00bb<\/p>\n\n\n\n<h2 class=\"wp-block-heading\">Porte-\u00e0-porte<\/h2>\n\n\n\n<p>Le 29 novembre, les rebelles, entr\u00e9s dans la cit\u00e9, ont fait du porte-\u00e0-porte. \u00ab&nbsp;<em>Ils ont commenc\u00e9 \u00e0 tuer dans tous les sens&nbsp;<\/em>\u00bb, d\u00e9crit \u00e0 l\u2019AFP un habitant qui \u00e9voque aussi une tuerie dans l\u2019\u00e9glise adventiste ou s\u2019\u00e9tait r\u00e9fugi\u00e9 une partie de la population. Sur le nombre de victimes, les bilans divergent. Il faudra attendre les r\u00e9sultats des enqu\u00eates demand\u00e9es par les autorit\u00e9s locales.<\/p>\n\n\n\n<h2 class=\"wp-block-heading\">\u00ab&nbsp;<em>Ossements&nbsp;<\/em>\u00bb<\/h2>\n\n\n\n<p>\u00ab&nbsp;<em>Dans la zone de Kishishe, on retrouve actuellement beaucoup d\u2019ossements<\/em>, explique Isaac Kibira, un responsable de l\u2019administration.<em>&nbsp;On a alors fait passer le message aux populations pour qu\u2019elles ne touchent rien. Il faut garder les preuves pour ces enqu\u00eates&nbsp;<\/em>\u00bb. Il ajoute comme d\u2019autres habitants de la zone vouloir comprendre ce qu\u2019il s\u2019est v\u00e9ritablement pass\u00e9 \u00e0 Kishishe&nbsp;: \u00ab&nbsp;<em>Ailleurs, le M23 n\u2019a pas commis les m\u00eames massacres. Pourquoi ici&nbsp;? Pourquoi cet ordre a \u00e9t\u00e9 donn\u00e9&nbsp;? Les responsables du M23 connaissent l\u2019identit\u00e9 des auteurs. Ils doivent \u00eatre jug\u00e9s&nbsp;<\/em>\u00bb, estime Isaac Kibira.<\/p>\n\n\n\n<p>(<em>Avec<\/em>\u00a0AFP)<\/p>\n\n\n\n<p>Source-rfi<\/p>\n","protected":false},"excerpt":{"rendered":"<p>Dans l\u2019est de la RDC, le M23 poursuit son retrait des zones qu\u2019il occupait depuis plusieurs mois dans le Nord-Kivu<\/p>\n","protected":false},"author":1,"featured_media":10041,"comment_status":"open","ping_status":"open","sticky":false,"template":"","format":"standard","meta":{"footnotes":""},"categories":[51],"tags":[],"class_list":["post-10040","post","type-post","status-publish","format-standard","has-post-thumbnail","hentry","category-general"],"_links":{"self":[{"href":"https:\/\/dekkbi.com\/index.php?rest_route=\/wp\/v2\/posts\/10040","targetHints":{"allow":["GET"]}}],"collection":[{"href":"https:\/\/dekkbi.com\/index.php?rest_route=\/wp\/v2\/posts"}],"about":[{"href":"https:\/\/dekkbi.com\/index.php?rest_route=\/wp\/v2\/types\/post"}],"author":[{"embeddable":true,"href":"https:\/\/dekkbi.com\/index.php?rest_route=\/wp\/v2\/users\/1"}],"replies":[{"embeddable":true,"href":"https:\/\/dekkbi.com\/index.php?rest_route=%2Fwp%2Fv2%2Fcomments&post=10040"}],"version-history":[{"count":1,"href":"https:\/\/dekkbi.com\/index.php?rest_route=\/wp\/v2\/posts\/10040\/revisions"}],"predecessor-version":[{"id":10042,"href":"https:\/\/dekkbi.com\/index.php?rest_route=\/wp\/v2\/posts\/10040\/revisions\/10042"}],"wp:featuredmedia":[{"embeddable":true,"href":"https:\/\/dekkbi.com\/index.php?rest_route=\/wp\/v2\/media\/10041"}],"wp:attachment":[{"href":"https:\/\/dekkbi.com\/index.php?rest_route=%2Fwp%2Fv2%2Fmedia&parent=10040"}],"wp:term":[{"taxonomy":"category","embeddable":true,"href":"https:\/\/dekkbi.com\/index.php?rest_route=%2Fwp%2Fv2%2Fcategories&post=10040"},{"taxonomy":"post_tag","embeddable":true,"href":"https:\/\/dekkbi.com\/index.php?rest_route=%2Fwp%2Fv2%2Ftags&post=10040"}],"curies":[{"name":"wp","href":"https:\/\/api.w.org\/{rel}","templated":true}]}}