{"id":10031,"date":"2023-04-12T08:58:57","date_gmt":"2023-04-12T08:58:57","guid":{"rendered":"https:\/\/dekkbi.com\/?p=10031"},"modified":"2023-04-12T08:58:58","modified_gmt":"2023-04-12T08:58:58","slug":"revision-des-listes-electorales-pastef-denonce-lexclusion-de-six-pays-de-la-diaspora","status":"publish","type":"post","link":"https:\/\/dekkbi.com\/?p=10031","title":{"rendered":"R\u00e9vision des listes \u00e9lectorales : Pastef d\u00e9nonce l\u2019exclusion de six pays de la diaspora"},"content":{"rendered":"\n<p><strong>Le bureau politique du&nbsp;Pastef&nbsp;a fait face \u00e0 la presse hier, mardi, pour se prononcer sur la situation sociopolitique du pays et la r\u00e9vision exceptionnelle des listes \u00e9lectorales.&nbsp;Le parti&nbsp;Pastef&nbsp;rel\u00e8ve des probl\u00e8mes dans la diaspora et d\u00e9noncent une volont\u00e9 manifeste du pouvoir de priver les S\u00e9n\u00e9galais vivant \u00e0 l\u2019\u00e9tranger de leur droit de vote.<\/strong><\/p>\n\n\n\n<p>\u00ab Le\u00a0retard qu\u2019a pris ce d\u00e9cret a exactement eu une cons\u00e9quence sur le d\u00e9cret qui devrait fixer la p\u00e9riode des r\u00e9visions \u00e9lectorale.\u00a0Nous\u00a0tous, on s\u2019attendait \u00e0 l\u2019organisation d\u2019une r\u00e9vision ordinaire qui est fix\u00e9e par le code \u00e9lectoral et qui devrait durer 6 mois du 1er f\u00e9vrier au 30 juillet \u00bb, a dit\u00a0Babacar\u00a0Faye, secr\u00e9tariat national charg\u00e9 des op\u00e9rations \u00e9lectorales de\u00a0Pastef.<br>Selon lui, tous ces faits devraient pousser \u00ab l\u2019Etat, organisateur de l\u2019\u00e9lection qui g\u00e8re le processus \u00e9lectoral via son minist\u00e8re de l\u2019Int\u00e9rieur, \u00e0 organiser une r\u00e9vision ordinaire afin de permettre aux jeunes qui depuis fort longtemps attendent ce type de r\u00e9vision de pouvoir s\u2019inscrire massivement sur les listes \u00e9lectorales \u00bb. \u00a0Pour\u00a0Pastef, ce choix est une mani\u00e8re de \u00ab priver les S\u00e9n\u00e9galais de leur droit de s\u2019inscrire dans les listes \u00e9lectorales \u00bb. \u00a0\u00ab Le\u00a0probl\u00e8me le plus inqui\u00e9tant, c\u2019est l\u2019exclusion de certains pays de la diaspora en les privant de leur droit de s\u2019inscrire, on peut en citer six pays.\u00a0Le Japon, le Liban, Kowe\u00eft, l\u2019\u00c9gypte, la Suisse et l\u2019Argentine.\u00a0Six pays sur lesquels, nous de l\u2019opposition comptons parce que c\u2019est un bastion que nous avons remport\u00e9 durant les \u00e9lections l\u00e9gislatives \u00bb, a fait savoir\u00a0Babacar\u00a0Faye. \u00a0\u00ab Nous demandons quels sont les crit\u00e8res de d\u00e9signation et pourquoi devrait-on en 2023 priver les S\u00e9n\u00e9galais du droit de s\u2019inscrire sur les listes \u00e9lectorales et particuli\u00e8rement pour les S\u00e9n\u00e9galais de la diaspora \u00bb, a-t-il dit. Les Patriotes alertent enfin l\u2019opinion nationale et internationale sur cette \u00ab volont\u00e9 d\u2019\u00e9carter les S\u00e9n\u00e9galais qui ont le droit de participer \u00e0 \u00e9lire le futur pr\u00e9sident de la R\u00e9publique du S\u00e9n\u00e9gal le 25 f\u00e9vrier 2024 \u00bb.<\/p>\n\n\n\n<p>Source- Sudquotidien<\/p>\n","protected":false},"excerpt":{"rendered":"<p>Le bureau politique du&nbsp;Pastef&nbsp;a fait face \u00e0 la presse hier, mardi, pour se prononcer sur la situation sociopolitique du pays<\/p>\n","protected":false},"author":1,"featured_media":10032,"comment_status":"open","ping_status":"open","sticky":false,"template":"","format":"standard","meta":{"footnotes":""},"categories":[6],"tags":[],"class_list":["post-10031","post","type-post","status-publish","format-standard","has-post-thumbnail","hentry","category-politics"],"_links":{"self":[{"href":"https:\/\/dekkbi.com\/index.php?rest_route=\/wp\/v2\/posts\/10031","targetHints":{"allow":["GET"]}}],"collection":[{"href":"https:\/\/dekkbi.com\/index.php?rest_route=\/wp\/v2\/posts"}],"about":[{"href":"https:\/\/dekkbi.com\/index.php?rest_route=\/wp\/v2\/types\/post"}],"author":[{"embeddable":true,"href":"https:\/\/dekkbi.com\/index.php?rest_route=\/wp\/v2\/users\/1"}],"replies":[{"embeddable":true,"href":"https:\/\/dekkbi.com\/index.php?rest_route=%2Fwp%2Fv2%2Fcomments&post=10031"}],"version-history":[{"count":1,"href":"https:\/\/dekkbi.com\/index.php?rest_route=\/wp\/v2\/posts\/10031\/revisions"}],"predecessor-version":[{"id":10033,"href":"https:\/\/dekkbi.com\/index.php?rest_route=\/wp\/v2\/posts\/10031\/revisions\/10033"}],"wp:featuredmedia":[{"embeddable":true,"href":"https:\/\/dekkbi.com\/index.php?rest_route=\/wp\/v2\/media\/10032"}],"wp:attachment":[{"href":"https:\/\/dekkbi.com\/index.php?rest_route=%2Fwp%2Fv2%2Fmedia&parent=10031"}],"wp:term":[{"taxonomy":"category","embeddable":true,"href":"https:\/\/dekkbi.com\/index.php?rest_route=%2Fwp%2Fv2%2Fcategories&post=10031"},{"taxonomy":"post_tag","embeddable":true,"href":"https:\/\/dekkbi.com\/index.php?rest_route=%2Fwp%2Fv2%2Ftags&post=10031"}],"curies":[{"name":"wp","href":"https:\/\/api.w.org\/{rel}","templated":true}]}}